{"id":18,"date":"2024-01-11T20:30:20","date_gmt":"2024-01-11T20:30:20","guid":{"rendered":"https:\/\/futuriodemos.com\/default-demo\/?p=18"},"modified":"2024-01-11T20:31:34","modified_gmt":"2024-01-11T20:31:34","slug":"praesent-id-justo-in-neque-elementum","status":"publish","type":"post","link":"https:\/\/mozemobolje.me\/index.php\/2024\/01\/11\/praesent-id-justo-in-neque-elementum\/","title":{"rendered":"\u017divkovi\u0107: Siled\u017eijstvo, varvarstvo i primitivizam ne\u0107emo dozvoliti, ako bude potrebno sami \u0107emo razrije\u0161iti situaciju u Andrijevici"},"content":{"rendered":"<p>\u201cNajbolji primjer sa kim imamo posla je sve ovo \u0161to se de\u0161ava u Andrijevici. Imate ve\u0107inu koja se raspala, imamo neku novu ve\u0107inu \u0161to je izraz demokratske volje gra\u0111ana. Ti odborni\u010dki kandidati su odlu\u010dili da smijene postoje\u0107e rukovodstvo, ali nasilje sprje\u010dava sprovo\u0111enje demokratije. Dr\u017eava je ta koja mora obezbijediti odbornicima izja\u0161njenje u parlamentu. Mora\u0107emo ih upozoriti da nasiljem ne mogu zadr\u017eavati vlast jer dr\u017eava o\u010digledno nema autoritet da sprovede zakon. Na ovo moramo staviti ta\u010dku i zato iz Andrijevice moramo poslati poruku kako se sprovodi demokratija. \u017dele siled\u017eijstvom, varvarstvom i primitivizmom da vladaju, to ne\u0107emo dozvoliti. Ako bude potrebno sami \u0107emo razrije\u0161iti situaciju u Andrijevici\u201d, poru\u010dio je Danijel \u017divkovi\u0107 u toj op\u0161tini na odr\u017eanoj tribini u okviru kampanje za predsjednika DPS na unutarpartijskim izborima.<\/p>\n<p>Obra\u0107aju\u0107i se prisutnim \u010dlanovima partije on im je izrazio zahvalnost za doprinos i za sve \u0161to su uradili za DPS u prethodnom periodu, te im je tom prilikom odao priznanje za to \u0161to su pokazali, kako je istakao, da su \u201cprekaljeni \u010delik \u010dak i u ovim te\u0161kim vremenima\u201d.<\/p>\n<p>\u201cOno \u0161to je bio osnovni prigovor na\u0161ih \u010dlanova i aktivista jeste da postoji manjah sluha od strane centrale za mi\u0161ljenje baze. Zato smo odlu\u010dili da damo priliku svima vama da kroz glasanje su\u0161tinski donesete odluku o najva\u017enijim pitanjima u partiji.<br \/>\nImali smo privilegiju da na \u010delu DPS-a bude \u010dovjek koji je harizmati\u010dan, sa autoritetom, koji je radom i djelima pokazao da zaslu\u017euje da bude na \u010delu DPS-a 25 godina. Zahvaljuju\u0107i njemu imamo priliku da danas razgovaramo jer na tim temeljima koje je on postavio imamo ideju vodilju za koju treba da se borimo. Vi ste pro\u0161li mnogo te\u017ee testove i u mnogo te\u017eim vremenima ste se borili za na\u0161u partiju, i za ideje i vrijednosti za koje se ona bori. Na nama je sada da svakodnevno radimo da obezbijedimo jo\u0161 ve\u0107u prohodnost politike DPS-a\u201d, saop\u0161tio je \u017divkovi\u0107.<\/p>\n<p>U nastavku svog izlaganja osvrnuo se i na kandidate za potpredsjednike partije.<\/p>\n<p>\u201cMe\u0111u ovim ljudima nema nikakve sujete ko god da bude izabran. Svako od njih \u0107e biti sastavni dio mog tima, i to su ljudi koji \u0107e \u010diniti okosnicu partije u narednom vremenskom periodu. Ponadala se na\u0161a konkurencija da \u0107e napraviti diobu DPS-a. Me\u0111u nama svakako postoje razlike ali, u prethodnom periodu smo pokazali da je na\u0161e jedinstvo koje po\u010diva na zajedni\u010dkim idejama ja\u010de od svih onih zlonamjernika koji samo podme\u0107u, varaju i koji pri\u017eeljkuju da \u0107emo nestati sa politi\u010dke scene. Oni se boje na\u0161eg povratka na vlast. A mi \u0107emo im dati razlog za strah jer \u0107emo se vratiti na vlast. Moramo se vratiti \u0161to prije da bi sa\u010duvali razvojnu komponentu Crne Gore, jer smo vidjeli ko je na\u0161a alternativa. To su ljudi koji su sasvim slu\u010dajno do\u0161li na pozicije vlasti i koji su obilje\u017eili periodu posljednje tri i po godine propadanja Crne Gore\u201d, kazao je \u017divkovi\u0107.<\/p>\n<p>On je zatim konstatovao da nema ulaganja u sjeverni region dr\u017eave, te da su projekti u tom dijelu Crne Gore u potpunosti zaustavljeni.<\/p>\n<p>\u201cSjever se iseljava zbog takve politike. Sjetimo se pri\u010de o auto-putu za koju su govorili da je to put iz ni\u0111e u ni\u0161ta, a danas se hvale razvojem koje je donio taj auto-put. Zato se mora nastaviti sa drugom i tre\u0107om dionicom auto-puta, a to ne mo\u017ee da uradi ova vlast koja a\u0161ov u zemlju nije zakopala za ove tri godine\u201d, jasan je \u017divkovi\u0107.<\/p>\n<p>Na kraju svog obra\u0107anja okupljenim \u010dlanovima DPS-a, on je rekao da svi zajedno moraju iskoristili jaku partijsku infrastrukturu i potencijale koji postoje kako bi se partija reorganizovala.<\/p>\n<p>\u201cGarantujem da niko ne mo\u017ee okupiti ovoliki broj ljudi koji smo mi danas okupili u Andrijevici. Dana\u0161nja ve\u0107ina je ista ona kao nakon 30. avgusta 2020. godine. To je ve\u0107ina koja je posva\u0111ana i koja samo gleda kako jedni drugome da naude. Mi u takvom ambijentu moramo sa\u010duvati partiju i dr\u017eavu. Proces raslojavanja parlamentarne ve\u0107ine je po\u010deo i bi\u0107e mnogo br\u017ei nego \u0161to mislimo. Na narednim izborima koji se budu organizovali bi\u0107emo najja\u010da politi\u010dka snaga u Crnoj Gori\u201c, zaklju\u010dio je \u017divkovi\u0107.<\/p>\n","protected":false},"excerpt":{"rendered":"<p>\u201cNajbolji primjer sa kim imamo posla je sve ovo \u0161to se de\u0161ava u Andrijevici. Imate ve\u0107inu koja se raspala, imamo neku novu ve\u0107inu \u0161to je izraz demokratske volje gra\u0111ana. Ti odborni\u010dki kandidati su odlu\u010dili da smijene postoje\u0107e rukovodstvo, ali nasilje sprje\u010dava sprovo\u0111enje demokratije. Dr\u017eava je ta koja mora obezbijediti odbornicima izja\u0161njenje u parlamentu. Mora\u0107emo ih&hellip;<\/p>\n","protected":false},"author":1,"featured_media":275,"comment_status":"open","ping_status":"open","sticky":false,"template":"","format":"standard","meta":{"footnotes":""},"categories":[12],"tags":[],"_links":{"self":[{"href":"https:\/\/mozemobolje.me\/index.php\/wp-json\/wp\/v2\/posts\/18"}],"collection":[{"href":"https:\/\/mozemobolje.me\/index.php\/wp-json\/wp\/v2\/posts"}],"about":[{"href":"https:\/\/mozemobolje.me\/index.php\/wp-json\/wp\/v2\/types\/post"}],"author":[{"embeddable":true,"href":"https:\/\/mozemobolje.me\/index.php\/wp-json\/wp\/v2\/users\/1"}],"replies":[{"embeddable":true,"href":"https:\/\/mozemobolje.me\/index.php\/wp-json\/wp\/v2\/comments?post=18"}],"version-history":[{"count":2,"href":"https:\/\/mozemobolje.me\/index.php\/wp-json\/wp\/v2\/posts\/18\/revisions"}],"predecessor-version":[{"id":489,"href":"https:\/\/mozemobolje.me\/index.php\/wp-json\/wp\/v2\/posts\/18\/revisions\/489"}],"wp:featuredmedia":[{"embeddable":true,"href":"https:\/\/mozemobolje.me\/index.php\/wp-json\/wp\/v2\/media\/275"}],"wp:attachment":[{"href":"https:\/\/mozemobolje.me\/index.php\/wp-json\/wp\/v2\/media?parent=18"}],"wp:term":[{"taxonomy":"category","embeddable":true,"href":"https:\/\/mozemobolje.me\/index.php\/wp-json\/wp\/v2\/categories?post=18"},{"taxonomy":"post_tag","embeddable":true,"href":"https:\/\/mozemobolje.me\/index.php\/wp-json\/wp\/v2\/tags?post=18"}],"curies":[{"name":"wp","href":"https:\/\/api.w.org\/{rel}","templated":true}]}}