{"id":23,"date":"2024-01-11T20:29:51","date_gmt":"2024-01-11T20:29:51","guid":{"rendered":"https:\/\/futuriodemos.com\/default-demo\/?p=23"},"modified":"2024-01-11T20:29:51","modified_gmt":"2024-01-11T20:29:51","slug":"donec-iaculis-gravida-nulla","status":"publish","type":"post","link":"https:\/\/mozemobolje.me\/index.php\/2024\/01\/11\/donec-iaculis-gravida-nulla\/","title":{"rendered":"Odr\u017eana tribina u Andrijevici: Ponosni na ostvarene rezultate nastavljamo da trasiramo put razvoja Crne Gore, svjesni da mo\u017eemo i moramo bolje!"},"content":{"rendered":"\t\t<div data-elementor-type=\"wp-post\" data-elementor-id=\"23\" class=\"elementor elementor-23\" data-elementor-post-type=\"post\">\n\t\t\t\t\t\t\t<div class=\"elementor-element elementor-element-e39fddc e-flex e-con-boxed e-con e-parent\" data-id=\"e39fddc\" data-element_type=\"container\" data-settings=\"{&quot;content_width&quot;:&quot;boxed&quot;}\" data-core-v316-plus=\"true\">\n\t\t\t\t\t<div class=\"e-con-inner\">\n\t\t\t\t<div class=\"elementor-element elementor-element-503cc0e elementor-widget elementor-widget-image\" data-id=\"503cc0e\" data-element_type=\"widget\" data-widget_type=\"image.default\">\n\t\t\t\t<div class=\"elementor-widget-container\">\n\t\t\t<style>\/*! elementor - v3.18.0 - 20-12-2023 *\/\n.elementor-widget-image{text-align:center}.elementor-widget-image a{display:inline-block}.elementor-widget-image a img[src$=\".svg\"]{width:48px}.elementor-widget-image img{vertical-align:middle;display:inline-block}<\/style>\t\t\t\t\t\t\t\t\t\t\t\t<img fetchpriority=\"high\" decoding=\"async\" width=\"1024\" height=\"683\" src=\"https:\/\/mozemobolje.me\/wp-content\/uploads\/2018\/10\/andrijevica-2-1024x683.jpeg\" class=\"attachment-large size-large wp-image-484\" alt=\"\" srcset=\"https:\/\/mozemobolje.me\/wp-content\/uploads\/2018\/10\/andrijevica-2-1024x683.jpeg 1024w, https:\/\/mozemobolje.me\/wp-content\/uploads\/2018\/10\/andrijevica-2-300x200.jpeg 300w, https:\/\/mozemobolje.me\/wp-content\/uploads\/2018\/10\/andrijevica-2-768x512.jpeg 768w, https:\/\/mozemobolje.me\/wp-content\/uploads\/2018\/10\/andrijevica-2-1536x1024.jpeg 1536w, https:\/\/mozemobolje.me\/wp-content\/uploads\/2018\/10\/andrijevica-2.jpeg 1620w\" sizes=\"(max-width: 1024px) 100vw, 1024px\" \/>\t\t\t\t\t\t\t\t\t\t\t\t\t\t\t<\/div>\n\t\t\t\t<\/div>\n\t\t\t\t\t<\/div>\n\t\t\t\t<\/div>\n\t\t<div class=\"elementor-element elementor-element-fc57e80 e-flex e-con-boxed e-con e-parent\" data-id=\"fc57e80\" data-element_type=\"container\" data-settings=\"{&quot;content_width&quot;:&quot;boxed&quot;}\" data-core-v316-plus=\"true\">\n\t\t\t\t\t<div class=\"e-con-inner\">\n\t\t\t\t<div class=\"elementor-element elementor-element-6dd02b8f elementor-widget elementor-widget-text-editor\" data-id=\"6dd02b8f\" data-element_type=\"widget\" data-widget_type=\"text-editor.default\">\n\t\t\t\t<div class=\"elementor-widget-container\">\n\t\t\t<style>\/*! elementor - v3.18.0 - 20-12-2023 *\/\n.elementor-widget-text-editor.elementor-drop-cap-view-stacked .elementor-drop-cap{background-color:#69727d;color:#fff}.elementor-widget-text-editor.elementor-drop-cap-view-framed .elementor-drop-cap{color:#69727d;border:3px solid;background-color:transparent}.elementor-widget-text-editor:not(.elementor-drop-cap-view-default) .elementor-drop-cap{margin-top:8px}.elementor-widget-text-editor:not(.elementor-drop-cap-view-default) .elementor-drop-cap-letter{width:1em;height:1em}.elementor-widget-text-editor .elementor-drop-cap{float:left;text-align:center;line-height:1;font-size:50px}.elementor-widget-text-editor .elementor-drop-cap-letter{display:inline-block}<\/style>\t\t\t\t<p>\u201cVlast za izbor rukovodstva predata je \u010dlanstvu. Zapo\u010dinjemo novi ciklus i neposrednim unutarpartijskim izborima, prvim takvim u Crnoj Gori, nastavljamo da postavljamo standarde u na\u0161oj dr\u017eavi i regionu\u201d, poru\u010dio je kandidat za potpredsjednika DPS-a, Abaz Dizdarevi\u0107, sa danas odr\u017eane tribine u Andrijevici u sklopu kampanje za partijske izbore u toj partiji.<\/p>\n<p>Time je nakon ju\u010de odr\u017eanog doga\u0111aja u Petnjici, kampanja za unutarpartijske izbore u Demokratskoj partiji socijalista Crne Gore, nastavljena danas u Andrijevici gdje su kandidat za predsjednika i kandidati za potpredsjednike okupljenim \u010dlanovima partije predstavili sebe i svoju viziju dalje budu\u0107nosti partije i dr\u017eave.<\/p>\n<p>\u201cPoslije tri godine ovih i ovakvih vlasti svjesni ste kakva se politika vodi u Crnoj Gori. Mo\u017eemo re\u0107i bez eufemizama, te da je u na\u0161oj dr\u017eavi zavladalo svojevrsno varvarstvo. Vidite da se u Andrijevici ne mo\u017ee sprovesti demokratski legtitiman \u010din smjene aktuelnog rukovodstva iako imate ve\u0107inu koja to mo\u017ee da obezbijedi. Ali kad vas vidim u ovolikom broju i kada osjetim ovakvu energiju, zaklju\u010dujem da ne treba da brinemo za budu\u0107nost oko o\u010duvanja gra\u0111anskog koncepta Crne Gore\u201d, kazao je Dizdarevi\u0107, dodaju\u0107i:<\/p>\n<p>\u201cKroz ove unutarpartijske izbore bavi\u0107emo se isklju\u010divo nama. Pa vas molim da se svi uklju\u010dite u ovaj proces, kako bi na\u0161 unutra\u0161nji sistem bio o\u010di\u0161\u0107en od devijacije i kako bismo formirali novo zdravo jezgro koje \u0107e ovu dr\u017eavu voditi putem prosperiteta\u201d, rekao je Dizdarevi\u0107.<br>Okupljenim \u010dlanovima DPS u Andrijevici obratio se i Du\u0161an Rai\u010devi\u0107, kandidat za potpredsjednika partije koji je, izme\u0111u ostalog, ukazao na aktuelnu situaciju u dr\u017eavi.<\/p>\n<p>\u201cGovoriti o politi\u010dkoj situaciji u Crnoj Gori, barem vama, mislim da je suvisno. Jer sve ono \u0161to se de\u0161ava na centralnom nivou prenijelo se i na lokalnom nivou \u010demu svjedo\u010dite i svi vi u Andrijevici, te stoga ra\u010dunajte na mene i moju pomo\u0107 prilikom sprovo\u0111enja daljih radnji sa ciljem tranzicije vlasti \u0161to \u0107e nam omogu\u0107iti da nove izbore do\u010dekamo u druga\u010dijem raspolo\u017eenju.<\/p>\n<p>Stanje u Crnoj Gori svakog dana je sve vi\u0161e zabrinjavaju\u0107e i snaga na\u0161e partije mora biti na tom nivou da mo\u017eemo da se izborimo sa svim neda\u0107ama sa kojima se na\u0161a dr\u017eava susrije\u0107e. Ali budite sigurni da \u0107e u narednom periodu do\u0107i do promjena na centralnom nivou vlast a ja sam siguran da \u0107emo mi biti konstituent te vlasti\u201d, jasno je poru\u010dio Rai\u010devi\u0107.<\/p>\n<p>On je zatim zahvalio svim onim ljudima \u010dlanovima partije, koji godinama rade u svojim mjesnim odborima te ocijenio da svi u partiji upravo njima duguju najve\u0107u zahvalnost za sve pobjede koje su u prethodnom periodu postignute kako u Andrijevici tako i u \u010ditavoj Crnoj Gori.<\/p>\n<p>\u201cToplo mi je oko srca kad vas vidim u ovolikom broju, jer ovo potvr\u0111uje da smo na pravom putu. Ovo potvr\u0111uje snagu na\u0161e partije i koliko smo svi zajedno spremni da iskora\u010dimo u pravcu modernizacije i uspostavljanja novih demokratskih principa u razvoju partije. Kao \u010dlan mjesnog odbora uvijek sam se pitao da li mi kao \u010dlanovi mo\u017eemo da uti\u010demo i doprinesemo u dijelu kreiranja politika na centralnom nivou. Upravo ovim neposrednim izborima tu mo\u0107 odlu\u010divanja dajemo vama\u201d, saop\u0161tio je Rai\u010devi\u0107.<\/p>\n<p>Prisutne je pozdravio i Elvir Zvrko, koji je na po\u010detku istakao da mu je privilegija \u0161to se obra\u0107a kao kandidat za potpredsjednika partije i ukazao na pojedine anomalije u protekle tri godine.<\/p>\n<p>\u201cSnaga na\u0161e partije pokazuje da smo \u010dvrsto opredijeljeni jasnim principa i temeljima koje smo izgradili u prethodnom periodu. Sje\u0107ate se da su nam 2020. godine predvi\u0111ali nestanak. A mi, ne samo da nijesmo nestali nego smo opstali i pokazali snagu i relevantnost. Vlada Zdravka Krivokapi\u0107a i vlada Dritana Abazovi\u0107a nijesu pale same od sebe, ve\u0107 su pale zbog nas. Time smo pokazali da znamo kako da se borimo i iz opozicije. Vidite u \u0161ta se Crne Gora pretvorila poslije dolaska na vlast navodnih oslobodioca koji nas osloba\u0111aju od svega dobrog. Vama politi\u010dki momenat ne treba obja\u0161njavati, jer taj momenat \u017eivite upravo vi u Andrijevici, gdje u SO postoji ve\u0107ina do 17 odbornika, ali to ne priznaje manjina i uz podr\u0161ku dr\u017eave blokira demokratske procese\u201d, kazao je Zvrko.<\/p>\n<p>I naredni govornik, kandidat za potpredsjednika DPS Ivan Vukovi\u0107 zahvalio je na, kako je to opisao, toploj i srda\u010dnoj dobrodo\u0161lici i velikom broju \u010dlanova koje se okupio na dana\u0161njem doga\u0111aju u Andrijevici.<\/p>\n<p>\u201cSvima vama ovdje u Andrijevici dugujemo zahvalnost \u0161to ste u ovim nepovoljnim politi\u010dkim okolnostima istrajali u svojim uvjerenjima i nijeste odstupili od vrijednosti na kojima po\u010diva DPS. Hvala \u0161to ostajete na pravom putu iako ga je u ovom periodu bilo izuzetno te\u0161ko slijediti. Bez obzira na politi\u010dke afinitete mora do\u0107i do zaklju\u010dka da u posljednje tri godine nijesmo dobili ni\u0161ta uprkos velikim o\u010dekivanjima ljudi\u201d, ukazao je Vukovi\u0107.<\/p>\n<p>On se potom osvrnuo na aktuelno stanje u Andrijevici, Podgorici ali i generalno u Crnoj Gori.<\/p>\n<p>\u201cKada \u017eelim da opi\u0161em kako danas izgledaju Andrijevica, Podgorica ali i generalno \u010ditava Crna Gora, onda je najadekvatniji opis \u2013 nacionalizam, populizam i primitivizam. Nikad ne\u0107emo biti nacionalisti da bi se borili sa nacionalizmom. Ne\u0107emo se populizmom boriti sa populizmom i ne\u0107emo se primitivizmom boriti sa primitivizmom. Mi smo partija pristojnih ljudi koja \u0107e se istrajno boriti na pravom putu za Crnu Goru\u201d, poru\u010dio je Vukovi\u0107.<\/p>\n<p>On je potom govorio o uspjesima partije od njenog osnivanja do danas, uspostavljenoj stabilnosti, o\u010duvanom miru, obnovi nezavisnosti, kao i uspjesima na putu evropskih integracija, ali i o gre\u0161kama koje su napravljene za to vrijeme.<\/p>\n<p>\u201cNikad nam nije problem da priznamo i gre\u0161ke, da je odnos prema jednom broju ljudi bio neadekvatan, da mo\u017eda nije bilo dovoljno podr\u0161ke, empatije. Mi smo jedini otvoreno govorili o tome i mijenjali se na bolje. Zato je slogan ove kampanje \u201cMo\u017eemo bolje\u201c, jer mi zaista mo\u017eemo bolje! To je ono \u0161to odvaja DPS od drugih aktera. Zato smo spremni da idemo u susret novim izazovima i da kr\u010dimo puteve. Smijenili smo jednu, pa drugu vladu. Imamo odlu\u010dan Klub poslanika. Mo\u017eemo samo da budemo ponosni i sa tim osje\u0107ajem samopouzdanja okrenuli smo novi list i u\u0161li smo u ovu pri\u010du. Zato smo odlu\u010dili da vama, kao najve\u0107oj snazi na\u0161e partije, damo \u0161ansu da odlu\u010dite ko treba da bude u partijskom rukovodstvu\u201d, zaklju\u010dio je Ivan Vukovi\u0107.<\/p>\n<p><strong>Demokratska partija socijalista Crne Gore<\/strong><\/p>\n<p><br><\/p>\t\t\t\t\t\t<\/div>\n\t\t\t\t<\/div>\n\t\t\t\t\t<\/div>\n\t\t\t\t<\/div>\n\t\t\t\t\t\t\t<\/div>\n\t\t","protected":false},"excerpt":{"rendered":"<p>\u201cVlast za izbor rukovodstva predata je \u010dlanstvu. Zapo\u010dinjemo novi ciklus i neposrednim unutarpartijskim izborima, prvim takvim u Crnoj Gori, nastavljamo da postavljamo standarde u na\u0161oj dr\u017eavi i regionu\u201d, poru\u010dio je kandidat za potpredsjednika DPS-a, Abaz Dizdarevi\u0107, sa danas odr\u017eane tribine u Andrijevici u sklopu kampanje za partijske izbore u toj partiji. Time je nakon ju\u010de&hellip;<\/p>\n","protected":false},"author":1,"featured_media":484,"comment_status":"open","ping_status":"open","sticky":false,"template":"","format":"standard","meta":{"footnotes":""},"categories":[2],"tags":[4,6,8],"_links":{"self":[{"href":"https:\/\/mozemobolje.me\/index.php\/wp-json\/wp\/v2\/posts\/23"}],"collection":[{"href":"https:\/\/mozemobolje.me\/index.php\/wp-json\/wp\/v2\/posts"}],"about":[{"href":"https:\/\/mozemobolje.me\/index.php\/wp-json\/wp\/v2\/types\/post"}],"author":[{"embeddable":true,"href":"https:\/\/mozemobolje.me\/index.php\/wp-json\/wp\/v2\/users\/1"}],"replies":[{"embeddable":true,"href":"https:\/\/mozemobolje.me\/index.php\/wp-json\/wp\/v2\/comments?post=23"}],"version-history":[{"count":10,"href":"https:\/\/mozemobolje.me\/index.php\/wp-json\/wp\/v2\/posts\/23\/revisions"}],"predecessor-version":[{"id":500,"href":"https:\/\/mozemobolje.me\/index.php\/wp-json\/wp\/v2\/posts\/23\/revisions\/500"}],"wp:featuredmedia":[{"embeddable":true,"href":"https:\/\/mozemobolje.me\/index.php\/wp-json\/wp\/v2\/media\/484"}],"wp:attachment":[{"href":"https:\/\/mozemobolje.me\/index.php\/wp-json\/wp\/v2\/media?parent=23"}],"wp:term":[{"taxonomy":"category","embeddable":true,"href":"https:\/\/mozemobolje.me\/index.php\/wp-json\/wp\/v2\/categories?post=23"},{"taxonomy":"post_tag","embeddable":true,"href":"https:\/\/mozemobolje.me\/index.php\/wp-json\/wp\/v2\/tags?post=23"}],"curies":[{"name":"wp","href":"https:\/\/api.w.org\/{rel}","templated":true}]}}