{"id":440,"date":"2024-01-11T10:51:05","date_gmt":"2024-01-11T10:51:05","guid":{"rendered":"https:\/\/mozemobolje.me\/?p=440"},"modified":"2024-01-11T20:32:27","modified_gmt":"2024-01-11T20:32:27","slug":"prva-tribina-u-petnjici","status":"publish","type":"post","link":"https:\/\/mozemobolje.me\/index.php\/2024\/01\/11\/prva-tribina-u-petnjici\/","title":{"rendered":"Prva tribina u Petnjici"},"content":{"rendered":"\t\t<div data-elementor-type=\"wp-post\" data-elementor-id=\"440\" class=\"elementor elementor-440\" data-elementor-post-type=\"post\">\n\t\t\t\t\t\t\t<div class=\"elementor-element elementor-element-15fdacf e-flex e-con-boxed e-con e-parent\" data-id=\"15fdacf\" data-element_type=\"container\" data-settings=\"{&quot;content_width&quot;:&quot;boxed&quot;}\" data-core-v316-plus=\"true\">\n\t\t\t\t\t<div class=\"e-con-inner\">\n\t\t\t\t<div class=\"elementor-element elementor-element-530826b elementor-widget elementor-widget-image\" data-id=\"530826b\" data-element_type=\"widget\" data-widget_type=\"image.default\">\n\t\t\t\t<div class=\"elementor-widget-container\">\n\t\t\t<style>\/*! elementor - v3.18.0 - 20-12-2023 *\/\n.elementor-widget-image{text-align:center}.elementor-widget-image a{display:inline-block}.elementor-widget-image a img[src$=\".svg\"]{width:48px}.elementor-widget-image img{vertical-align:middle;display:inline-block}<\/style>\t\t\t\t\t\t\t\t\t\t\t\t<img fetchpriority=\"high\" decoding=\"async\" width=\"1024\" height=\"683\" src=\"https:\/\/mozemobolje.me\/wp-content\/uploads\/2024\/01\/FOTO-03-1024x683-1.jpg\" class=\"attachment-large size-large wp-image-445\" alt=\"\" srcset=\"https:\/\/mozemobolje.me\/wp-content\/uploads\/2024\/01\/FOTO-03-1024x683-1.jpg 1024w, https:\/\/mozemobolje.me\/wp-content\/uploads\/2024\/01\/FOTO-03-1024x683-1-300x200.jpg 300w, https:\/\/mozemobolje.me\/wp-content\/uploads\/2024\/01\/FOTO-03-1024x683-1-768x512.jpg 768w\" sizes=\"(max-width: 1024px) 100vw, 1024px\" \/>\t\t\t\t\t\t\t\t\t\t\t\t\t\t\t<\/div>\n\t\t\t\t<\/div>\n\t\t\t\t<div class=\"elementor-element elementor-element-1678673 elementor-widget elementor-widget-text-editor\" data-id=\"1678673\" data-element_type=\"widget\" data-widget_type=\"text-editor.default\">\n\t\t\t\t<div class=\"elementor-widget-container\">\n\t\t\t<style>\/*! elementor - v3.18.0 - 20-12-2023 *\/\n.elementor-widget-text-editor.elementor-drop-cap-view-stacked .elementor-drop-cap{background-color:#69727d;color:#fff}.elementor-widget-text-editor.elementor-drop-cap-view-framed .elementor-drop-cap{color:#69727d;border:3px solid;background-color:transparent}.elementor-widget-text-editor:not(.elementor-drop-cap-view-default) .elementor-drop-cap{margin-top:8px}.elementor-widget-text-editor:not(.elementor-drop-cap-view-default) .elementor-drop-cap-letter{width:1em;height:1em}.elementor-widget-text-editor .elementor-drop-cap{float:left;text-align:center;line-height:1;font-size:50px}.elementor-widget-text-editor .elementor-drop-cap-letter{display:inline-block}<\/style>\t\t\t\t<p>\u201cIzdr\u017eali smo najte\u017ei period, bolja vremena tek dolaze a u njih idemo zajedno, i zato moramo druga\u010dije i mo\u017eemo bolje! Potrebno je da sjedimo jedni sa drugima, da se vi\u0161e dru\u017eimo i da se vi\u0161e pove\u017eemo. To je put da poka\u017eemo na\u0161u snagu i izdr\u017eljivost\u201d, poru\u010dio je na po\u010detku kampanje za unutarpartijske izbore kandidat za predsjednika DPS Danijel \u017divkovi\u0107 na danas odr\u017eanom doga\u0111aju u Petnjici.<\/p><p>On je okupljenim \u010dlanovima partije u toj op\u0161tini kazao da mogu biti ponosni na mlade ljude iz ovog kraja za koje ka\u017ee da su budu\u0107nost Crne Gore.<\/p><p>\u201cPonosan na na\u0161u partijski infrastrukturu u Petnjici ali se moramo jo\u0161 strastvenije boriti za na\u0161u politiku. Zato \u0107e svi ljudi biti dio tima koji \u0107e zajedno sa mnom raditi za dobro Crne Gore. Ponosni smo na generacije koje su obezbijedile naslje\u0111e DPS-a, jer smo upravo zahvaljuju\u0107i toj politici sa\u010duvali mir i ja sam ponosan \u0161to sam dobio priliku i \u0161ansu da budem sa ovim ljudima u timu i da se nalazim na \u010delu politike koja je napravila ozbiljne rezultate u prethodnom periodu\u201d, saop\u0161tio je \u017divkovi\u0107.<\/p><p>On se potom osvrnuo na razloga svoje kandidature za predsjednika DPS-a, podsjetiv\u0161i da je partija procijenila u nekom momentu nakon povla\u010denja dugogodi\u0161njeg predsjednika da du\u017enost povjeri upravo njemu.<\/p><p>\u201cNije bilo jednostavno naslijediti \u010dovjeka koji \u0107e ostati upisan zlatnim slovima u istoriju Crne Gore. Njemu dugujemo zahvalnost za sve ono sto je dobro ura\u0111eno u na\u0161oj dr\u017eavi posljednjih nekoliko decenija. To naslje\u0111e \u0107emo po\u0161tovati i siguran sam da \u0107emo opravdati povjerenje koje su nam prethodne generacije ukazale.<\/p><p>Kandidovao sam se jer vjerujem da ne treba uzma\u0107i ni pola koraka kad je te\u0161ko i vjerujem da mo\u017eemo vratiti DPS na poziciju vlasti. Ostati tu \u2013 kao vi, kada je te\u0161ko, sa\u010duvati jezgro i bi\u0107e na\u0161e partije i zahvaljuju\u0107i vama i danas DPS je \u017eilava, vitalna, opstaje i nemajte nikakvu dilemu to vam obe\u0107avam \u2013 bi\u0107emo najja\u010di subjekt u Crnoj Gori\u201d, jasan je u svom stavu \u017divkovi\u0107.<\/p><p>Dalje je kazao da DPS vidi kao ure\u0111en sistem u kojem \u0107e se znati sva\u010dija odgovornost.<\/p><p>\u201cPoliti\u010dko vrijeme se promijenilo, ove godine pravo glasa sti\u010de generacija ro\u0111ena 2006. godine. Te generacije ne znaju ni \u0161ta je bilo prethodnih godina niti razumiju terete sa kojima ste se vi susretali u politi\u010dkom \u017eivotu Crne Gore. Stoga moramo na\u0107i na\u010din da te generacije postanu dio sistema u na\u0161oj dr\u017eavi. To \u0107e biti najte\u017ei dio zadatka i ja isklju\u010divo vidim priliku da taj dio posla povjerimo onima koji to najbolje znaju.<\/p><p>Omladinska organizacija mora da se transformi\u0161e u ne\u0161to potpuno druga\u010dije. Mladi ljudi moraju da mijenjaju paradigmu politi\u010dkog djelovanja. Zato \u0107emo formirati politi\u010dku akademiju u kojoj \u0107e se \u0161kolovati mladi ljudi koji \u017eele da se bave politikom\u201d, rekao je kandidat za predsjednika DPS Crne Gore.<\/p><p>Dodaju\u0107i da \u0107e se upravo obrazovanjem mladih \u201cpoliti\u010dkih in\u017eenjera\u201d na\u0107i kvalitetni partijski radnici, koji \u0107e znati \u0161ta je njihov dio posla u svakom trenutku, on je pre\u0161ao na drugi va\u017ean segmet dalje reforme i organizacije partije.<\/p><p>\u201cPobolj\u0161anje rada partijske mre\u017ee i partijske infrastrukture. To podrazumijeva neophodnost reorganizacije rada mjesnih odbora u cilju postizanja ve\u0107e homogenosti partije. A upravo 28. januar, po\u010detak je obnove povjerenja bira\u010dke javnosti u na\u0161u politku.<\/p><p>Koncipiranje programa koji \u0107e biti realan, odr\u017eiv i kojim \u0107emo jasno javnosti predstaviti kako dolazimo do tih ciljeva i to oblasti ekonomije, zdravstva i socio-ekonomske politike. Ne\u0107emo odstupiti sa pozicije odbrane dr\u017eavnog indentiteta sa platforme gra\u0111anskog karaktera. To je budu\u0107nost na\u0161e dr\u017eave. Moramo ponuditi odgovor na izazove, kako do boljeg \u017eivota ali na realnom osnovu\u201d, rekao je \u017divkovi\u0107, obe\u0107avaju\u0107i okupljenim \u010dlanovima da se ne\u0107e postidjeti ove generacije DPS, i zaklju\u010duju\u0107i da se kandidovao za predsjednika jer vjeruje u ideje i postojanost politike DPS-a i povratak te partije na vlast, kao i kona\u010dnom da vjeruje u obnovu povjerenja u politiku DPS-a.<\/p>\t\t\t\t\t\t<\/div>\n\t\t\t\t<\/div>\n\t\t\t\t\t<\/div>\n\t\t\t\t<\/div>\n\t\t\t\t\t\t\t<\/div>\n\t\t","protected":false},"excerpt":{"rendered":"<p>\u201cIzdr\u017eali smo najte\u017ei period, bolja vremena tek dolaze a u njih idemo zajedno, i zato moramo druga\u010dije i mo\u017eemo bolje! Potrebno je da sjedimo jedni sa drugima, da se vi\u0161e dru\u017eimo i da se vi\u0161e pove\u017eemo. To je put da poka\u017eemo na\u0161u snagu i izdr\u017eljivost\u201d, poru\u010dio je na po\u010detku kampanje za unutarpartijske izbore kandidat za&hellip;<\/p>\n","protected":false},"author":1,"featured_media":445,"comment_status":"closed","ping_status":"closed","sticky":false,"template":"","format":"standard","meta":{"footnotes":""},"categories":[12,2],"tags":[],"_links":{"self":[{"href":"https:\/\/mozemobolje.me\/index.php\/wp-json\/wp\/v2\/posts\/440"}],"collection":[{"href":"https:\/\/mozemobolje.me\/index.php\/wp-json\/wp\/v2\/posts"}],"about":[{"href":"https:\/\/mozemobolje.me\/index.php\/wp-json\/wp\/v2\/types\/post"}],"author":[{"embeddable":true,"href":"https:\/\/mozemobolje.me\/index.php\/wp-json\/wp\/v2\/users\/1"}],"replies":[{"embeddable":true,"href":"https:\/\/mozemobolje.me\/index.php\/wp-json\/wp\/v2\/comments?post=440"}],"version-history":[{"count":10,"href":"https:\/\/mozemobolje.me\/index.php\/wp-json\/wp\/v2\/posts\/440\/revisions"}],"predecessor-version":[{"id":451,"href":"https:\/\/mozemobolje.me\/index.php\/wp-json\/wp\/v2\/posts\/440\/revisions\/451"}],"wp:featuredmedia":[{"embeddable":true,"href":"https:\/\/mozemobolje.me\/index.php\/wp-json\/wp\/v2\/media\/445"}],"wp:attachment":[{"href":"https:\/\/mozemobolje.me\/index.php\/wp-json\/wp\/v2\/media?parent=440"}],"wp:term":[{"taxonomy":"category","embeddable":true,"href":"https:\/\/mozemobolje.me\/index.php\/wp-json\/wp\/v2\/categories?post=440"},{"taxonomy":"post_tag","embeddable":true,"href":"https:\/\/mozemobolje.me\/index.php\/wp-json\/wp\/v2\/tags?post=440"}],"curies":[{"name":"wp","href":"https:\/\/api.w.org\/{rel}","templated":true}]}}