{"id":586,"date":"2024-01-15T13:16:16","date_gmt":"2024-01-15T13:16:16","guid":{"rendered":"https:\/\/mozemobolje.me\/?p=586"},"modified":"2024-01-15T13:16:17","modified_gmt":"2024-01-15T13:16:17","slug":"zivkovic-u-beranama-odgovorno-i-posveceno-krecemo-u-reorganizaciju","status":"publish","type":"post","link":"https:\/\/mozemobolje.me\/index.php\/2024\/01\/15\/zivkovic-u-beranama-odgovorno-i-posveceno-krecemo-u-reorganizaciju\/","title":{"rendered":"\u017divkovi\u0107 u Beranama: Odgovorno i posve\u0107eno kre\u0107emo u reorganizaciju"},"content":{"rendered":"\n<p>Kandidat za predsjednika Demokratske partije socijalista Danijel \u017divkovi\u0107 spreman je da kroz reorganizaciju doprinese bu\u0111enju usnulih u partiji na svim nivoima, ali i afirmisanju stru\u010dnih, posve\u0107enih i odgovornih.<\/p>\n\n\n\n<p>\u201eDajem obe\u0107anje i zato pozivam za podr\u0161ku 28. januara, kako bismo krenuli u reorganizaciju, odgovorno i posve\u0107eno\u201c, kazao je \u017divkovi\u0107 na partijskoj tribini u Beranama, organizovanoj u sklopu kampanje za unutarpartijske izbore.<\/p>\n\n\n\n<p>Dodao je da niko ne mo\u017ee sam, da treba da skupimo snage i da uradimo to svi zajedno: \u201eHajde da se probudimo. Za svoje moramo da radimo, ne mo\u017eemo da spavamo i da \u010dekamo\u201c.<\/p>\n\n\n\n<p>\u017divkovi\u0107 je rekao da je DPS jedina partija koja mo\u017ee na ozbiljan, odgovoran i posve\u0107en na\u010din, u vrlo kratkom periodu da preuzme odgovornost i posve\u0107eno da vodi Berane i Crnu Goru ka prosperitetu i razvoju.<\/p>\n\n\n\n<p>\u201eDa bismo to i postigli potrebno nam je jedinstvo, klju\u010dno je da vjerujemo jedni drugima kao \u0161to vjerujemo sebi i u sebe. Ne mo\u017eemo se dijeliti i \u017eivjeti partiju, a ispunjavati sopstvene sujete i samobitnosti\u201c, rekao je \u017divkovi\u0107.<\/p>\n\n\n\n<p>Komentari\u0161u\u0107i trenutno stanje u Beranama, \u017divkovi\u0107 je izrazio saglasnost s prisutnima da aktuelna vlast u Beranama ne radi ni\u0161ta, da je vi\u0161e nezaposlenih nego ikad, te da u ovoj op\u0161tini ne postoje elementarni uslovi za \u017eivot.<\/p>\n\n\n\n<p>\u201eNa\u017ealost, umjesto da razmi\u0161ljamo o razvoju, treba da se bojimo da \u0107e u Beranama biti vi\u0161e problema nego stanovnika. Beranama treba nova vizija i nove ideje. Ljude za to imamo, samo ih ponovo moramo sjesti za isti sto.<\/p>\n\n\n\n<p>Bi\u0107e novih pobjeda, dobrog rada, samo ako vjerujemo i ako smo zajedno. To je recept za uspjeh i pobjedu, drugog nema. Moramo da \u010duvamo jedni druge od onih koji se nalaze preko puta nas. To je recept i formula kako pobje\u0111ivati u narednim periodu\u201d, jasan je \u017divkovi\u0107.<\/p>\n\n\n\n<p>Istakao je da su predstoje\u0107i neposredni partijski izbori put kako da DPS dobije najbolju selekciju onih \u010dime ova partijska organizacija raspola\u017ee.<\/p>\n\n\n\n<p>\u201eCilj je da se ljudi sami prijave i da osjete potrebu da se takmi\u010de u zdravoj konkurenciji iz kojih \u0107e se izroditi kvalitet. Ja sam ponosan \u0161to stojim sa ovim ljudima zajedno i \u0161to imam priliku da sa njima obi\u0111em op\u0161tinske odbore. Sa njima sam dijelio ozbiljne politi\u010dke bitke i oni su dokazani borci za vrijednosti politike koje proklamuje i prezentuje Demokratska partija socijalista\u201d, rekao je on a potom se osvrnuo na svakog kandidata za potpredsjednike ponaosob.<\/p>\n\n\n\n<p>\u201cDu\u0161an Rai\u010devi\u0107 je najbolji predsjednik op\u0161tine, Jevto Erakovi\u0107 najbolji neurolog u Crnoj Gori \u2013 ljekar i humanista, Abaz Dizdarevi\u0107 doktor nauka likovnih umjetnosti, Ivan Vukovi\u0107 biv\u0161i gradona\u010delnik Podgorice koji je odli\u010dno obavljao svoj posao, profesor koji je predavao na stranim univerzitetima i doktor je nauka, Elvir Zvrko profesor Univerziteta Crne Gore i doktor koji radi u Klini\u010dkom centru, Aleksandra Vukovi\u0107 Ku\u010d prava Crnogorka, \u017eena sa srcem \u2013 spremna da se beskompromisno bori za na\u0161e ideje, profesorica knji\u017eevnosti\u201d, ocijenio je \u017divkovi\u0107, dodaju\u0107i da bi volio da se jo\u0161 ljudi prijavilo sa kandidaturom jer, kako isti\u010de, zna koji kvalitet ima DPS.<\/p>\n\n\n\n<p>U nastavku svog obra\u0107anja na sino\u0107njoj tribini u Beranama on je izrazio svoj ponos \u010dinjenicom da se kao v.d. predsjednika nalazi na \u010delu ozbiljne organizovane partijske organizacije sa ovakvim ljudima.<\/p>\n\n\n\n<p>\u201eNema nikakve dileme, i oni koji budu i oni koji ne budu izabrani bi\u0107e dio mog tima. Ovi ljudi imaju kvalitet da preuzmu u ovom trenutku Vladu Crne Gore i da je vode deset puta bolje od aktuelne vlade. E takvi ljudi \u010dine DPS ali ti ljudi ne bi bili ni\u0161ta bez vas\u201d, poru\u010dio je \u017divkovi\u0107 ukazuju\u0107i da se partija mora vratiti svom izvornom politi\u010dkom radu, po modelu kako je to ra\u0111eno godinama unazad jer, kako isti\u010de u tome je snaga i postojanost DPS-a.<\/p>\n\n\n\n<p>Na kraju potencirao je da su DPS-u potrebni ljudi koji su posve\u0107eni partijskom poslu.<\/p>\n\n\n\n<p>\u201eOvdje sjede ljudi koji nijesu posustali pred navalom populizma i nacionalizma u prethodnih nekoliko godina. Ostali ste \u010dvrsto uz nas kao i plejada ljudi \u0161irom Crne Gore. Trebaju nam ljudi koji \u0107e biti posve\u0107eni radu na terenu. Nije dovoljno po\u0107i na teren dva ili tri mjeseca prije izbora, ve\u0107 na terenu moramo biti stalno. Ja sam stava da ako ste uporni i vrijedni, rezultat \u0107e do\u0107i, i u to sam siguran jer svaki rad dobije odre\u0111eni rezultat. Rad, red i rezultat, to je recept po kom \u0107emo raditi\u201d, saop\u0161tio je kandidat za predsjednika ove partije.<\/p>\n\n\n\n<p>On je zaklju\u010dio ocjenom i rije\u010dima kakav DPS vidi u narednom periodu.<\/p>\n\n\n\n<p>\u201cJa zami\u0161ljam DPS kao jedan sinhronizovan sistem u kom \u0107e svako znati svoje mjesto, koji \u0107e imati jasne uloge koje \u0107e nam omogu\u0107iti transformaciju iz opozicije u vlast. Zato moramo obnoviti povjerenje kod gra\u0111ana i osna\u017eiti partiju. Samo tako, \u017eivi bili pa vidjeli, bi\u0107emo najja\u010da politi\u010dka partija na narednim izborima.\u201d<\/p>\n\n\n\n<p><strong>Danijel \u017divkovi\u0107, v.d. predsjednika DPS Crne Gore<\/strong><\/p>\n","protected":false},"excerpt":{"rendered":"<p>Kandidat za predsjednika Demokratske partije socijalista Danijel \u017divkovi\u0107 spreman je da kroz reorganizaciju doprinese bu\u0111enju usnulih u partiji na svim nivoima, ali i afirmisanju stru\u010dnih, posve\u0107enih i odgovornih. \u201eDajem obe\u0107anje i zato pozivam za podr\u0161ku 28. januara, kako bismo krenuli u reorganizaciju, odgovorno i posve\u0107eno\u201c, kazao je \u017divkovi\u0107 na partijskoj tribini u Beranama, organizovanoj u&hellip;<\/p>\n","protected":false},"author":2,"featured_media":587,"comment_status":"open","ping_status":"open","sticky":false,"template":"","format":"standard","meta":{"footnotes":""},"categories":[1],"tags":[],"_links":{"self":[{"href":"https:\/\/mozemobolje.me\/index.php\/wp-json\/wp\/v2\/posts\/586"}],"collection":[{"href":"https:\/\/mozemobolje.me\/index.php\/wp-json\/wp\/v2\/posts"}],"about":[{"href":"https:\/\/mozemobolje.me\/index.php\/wp-json\/wp\/v2\/types\/post"}],"author":[{"embeddable":true,"href":"https:\/\/mozemobolje.me\/index.php\/wp-json\/wp\/v2\/users\/2"}],"replies":[{"embeddable":true,"href":"https:\/\/mozemobolje.me\/index.php\/wp-json\/wp\/v2\/comments?post=586"}],"version-history":[{"count":1,"href":"https:\/\/mozemobolje.me\/index.php\/wp-json\/wp\/v2\/posts\/586\/revisions"}],"predecessor-version":[{"id":588,"href":"https:\/\/mozemobolje.me\/index.php\/wp-json\/wp\/v2\/posts\/586\/revisions\/588"}],"wp:featuredmedia":[{"embeddable":true,"href":"https:\/\/mozemobolje.me\/index.php\/wp-json\/wp\/v2\/media\/587"}],"wp:attachment":[{"href":"https:\/\/mozemobolje.me\/index.php\/wp-json\/wp\/v2\/media?parent=586"}],"wp:term":[{"taxonomy":"category","embeddable":true,"href":"https:\/\/mozemobolje.me\/index.php\/wp-json\/wp\/v2\/categories?post=586"},{"taxonomy":"post_tag","embeddable":true,"href":"https:\/\/mozemobolje.me\/index.php\/wp-json\/wp\/v2\/tags?post=586"}],"curies":[{"name":"wp","href":"https:\/\/api.w.org\/{rel}","templated":true}]}}