{"id":589,"date":"2024-01-15T13:19:18","date_gmt":"2024-01-15T13:19:18","guid":{"rendered":"https:\/\/mozemobolje.me\/?p=589"},"modified":"2024-01-15T13:19:19","modified_gmt":"2024-01-15T13:19:19","slug":"tribina-u-plavu-dps-kicma-gradanskog-drustva-vraticemo-drzavu-na-pravi-put","status":"publish","type":"post","link":"https:\/\/mozemobolje.me\/index.php\/2024\/01\/15\/tribina-u-plavu-dps-kicma-gradanskog-drustva-vraticemo-drzavu-na-pravi-put\/","title":{"rendered":"Tribina u Plavu: DPS ki\u010dma gra\u0111anskog dru\u0161tva, vrati\u0107emo dr\u017eavu na pravi put"},"content":{"rendered":"\n<p>Danas je u nastavku kampanje za unutarstrana\u010dke izbore u Demokratskoj partiji socijalista odr\u017eana tribina u Plavu na kojoj su se brojnom okupljenom \u010dlanstvu predstavili kandidati za potpredsjednike partije.<\/p>\n\n\n\n<p>Prisutne je pozdravio Ivan Vukovi\u0107, koji je istakao da mu pripada velika \u010dast i zadovoljstvo \u0161to se danas nalazi u ovoj, kako je ocijenio, sve ljep\u0161oj i ljep\u0161oj op\u0161tini podijeliv\u0161i svoje pozitivne impresije zavr\u0161enom rekonstrukcijom glavne gradske ulice.<\/p>\n\n\n\n<p>\u201cU sklopu ovih partijskih izbora imamo po prvi put kampanju ovog tipa koja ima za cilj da se na direktan na\u010din, neposrednim izborima, izaberu ljudi koji \u0107e voditi partiju u narednom periodu, te \u0107emo samim tim obi\u0107i sve krajeve Crne Gore. Kada danas pogledam Plav, imam utisak kao da sam u Njema\u010dkoj ili \u0160vajcarskoj. Upravo to je rezultat kvaliteta na\u0161e politike i ta\u010dno se vidi gdje na\u0161a partija vr\u0161i vlasti, a gdje ne\u201d, rekao je kandidat za potpredsjednika te partije.<\/p>\n\n\n\n<p>Zatim se nadovezao i nastavio rije\u010dima da tamo gdje se DPS pita \u2013 pri\u010da se o razvoju, projektima, i o tome kako da se u Crnoj Gori \u017eivi bolje.<\/p>\n\n\n\n<p>\u201cTamo gdje se DPS ne pita, tu vlada nacionalizam, populizam i primitivizam. Zato je jako va\u017eno da skratimo period propadanja Crne Gore, jer je to ono \u010demu svjedo\u010dimo unazad tri godine\u201d, kazao je Vukovi\u0107.<\/p>\n\n\n\n<p>Konstatovao je da danas niko ne pri\u010da o razvojnim projektima i o tome \u0161to su potrebe Crne Gore.<\/p>\n\n\n\n<p>\u201cOdnedavno se pri\u010da tek o drugoj dionici auto-puta, i to na jedan neozbiljan na\u010din. Razvojna politika nije na vrhu agende ove parlamentarne ve\u0107ine, ve\u0107 su to prevashodno popilizam, primitivizam i nacionalizam\u201d, saop\u0161tio je Vukovi\u0107, a potom zaklju\u010dio:<\/p>\n\n\n\n<p>\u201cPonosni \u0161to je DPS gra\u0111anska partija i \u0161to smo \u010dvrsta ki\u010dma gra\u0111anske Crne Gore, na njihov nacionalizam nikad ne\u0107emo odgovoriti nacionalizmom. Zato smo ponosni kad vidimo ovako pune sale u tako razli\u010ditim sredinama, i to samo mo\u017ee DPS jer na\u0161a partija okuplja ljude koji vjeruju u ideju gra\u0111anske Crne Gore\u201d.<\/p>\n\n\n\n<p>Prisutnim \u010dlanovima u Plavu obratio se i Elvir Zvrko, koji je istakao da mu je zadovoljstvo \u0161to mo\u017ee da im se obrati u svojstvu kandidata za potpredsjednika, kao i da mu pripada velika \u010dast \u0161to pripada jednoj evropskoj, antifa\u0161isti\u010dkoj, gra\u0111anskoj partiji kakva je DPS za koju isti\u010de da je i ki\u010dma savremene Crne Gore.<\/p>\n\n\n\n<p>\u201cZnali smo da prepoznamo put kojim treba da ide i partija i Crna Gora. Ovo je partija koja priznaje genocid u Srebrenici, i to je ono \u0161to nas civilizacijski odvaja od drugih. Zato smo mi emancipatorska struktura Crne Gore\u201d, istakao je Zvrko.<\/p>\n\n\n\n<p>On se zatim osvrnuo na aktuelnu dru\u0161tveno \u2013 politi\u010dku situaciju u na\u0161oj dr\u017eavi.<\/p>\n\n\n\n<p>\u201cPoliti\u010dki i dru\u0161tveni momenat vama ne treba puno obja\u0161njavati. \u017divimo u Crnoj Gori, u kojoj je vlast destruktivna i revan\u0161isti\u010dki nastrojena i koja je dr\u017eavu dovela u zonu slobodnog pada. To je ne\u0161to \u0161to od nas zahtijeva odlu\u010dnu borbu, a mi smo to i pokazali \u010dinjenicom da i iz opozicije mo\u017eemo da se borimo i za\u0161titimo dr\u017eavne i nacionalne interese. Mi nijesmo opozicija Crnoj Gori, mi smo opozicija destruktivnoj vlasti\u201d, jasan je u svom stavu Zvrko.<\/p>\n\n\n\n<p>Na kraju svog izlaganja osvrnuo se i na gre\u0161ke iz prethodnog perioda.<\/p>\n\n\n\n<p>\u201cNijesmo sjedjeli skr\u0161tenih ruku, ve\u0107 smo prepoznavali svoje gre\u0161ke i probleme zbog kojih smo izgubili povjerenje gra\u0111ana. Zato se i mijenjamo i dio tog procesa su upravo ovi unutarstrana\u010dki izbori kako bismo u finalu pospje\u0161ili unutarstrana\u010dku demokratiju. To je na\u0161a snaga. A sje\u0107ate se da su nam predvi\u0111ali nestanak. A mi, ne da nijesmo nestali nego smo ostali jaki i to je ono \u0161to im smeta. Brine ih ova puna sala ve\u010deras, i puna sala ju\u010de u Beranama i Andrijevici, kao i prekju\u010de u Petnjici. Sru\u0161ili smo dvije vlade i budite sigurni \u2013 sru\u0161i\u0107emo i ovu tre\u0107u, u to nemajte dileme\u201d, istakao je svoje uvjerenje Elvir Zvrko.<\/p>\n\n\n\n<p>Na kraju tribine obratio se i okupljene je pozdravio i kandidat za potpredsjednika, Abaz Dizdarevi\u0107, koji je izrazio svoju zahvalnost svim saborcima koji su u Plavu, kako je to opisao, u vremenu kad imamo jako destruktivne politi\u010dke snage na vlasti u Crnoj Gori, odbranili gra\u0111anski koncept ure\u0111enja ove op\u0161tine.<\/p>\n\n\n\n<p>\u201cBez postojanja gra\u0111anske politike i gra\u0111anskog ure\u0111enja, ne bi postojalo ni same Crne Gore. Destrukcijom, ki\u010dom i \u0161undom nova parlamentarna ve\u0107ina poku\u0161ava da uvede neke nove prakse u Crnoj Gori. Mi ne\u0107emo pristati na to, jer smo bili i ostali brana takvoj politici.<\/p>\n\n\n\n<p>Oduprli smo se tim mra\u010dnim namjerama i vjerujem da izlazimo iz mraka srednjeg vijeka\u201d, rekao je Dizdarevi\u0107.<\/p>\n\n\n\n<p>Na kraju svog izlaganja konstatovao je da se mo\u017ee bolje, te da upravo ova kampanja uvodi novi standard na politi\u010dkoj sceni Crne Gore.<\/p>\n\n\n\n<p>\u201cMogli smo organizovati Kongres i u jednom danu bi odlu\u010dili ko treba u perspektivi da vodi na\u0161u partiju. Naprotiv, odlu\u010dili smo se za jedan ovako hrabar iskorak, koji iz dana u dan pokazuje da daje rezultate. Ovo je prvi korak koji \u0107emo sprovesti za izbor partijskog rukovodstva, a onda \u0107emo isti ovaj model primijeniti i na lokalnom nivou za op\u0161tinske odbore. Vjerujem da je ovo pravi put ka na\u0161em punom sna\u017eenju i punom ozdravljenju\u201d, zaklju\u010dio je Abaz Dizdarevi\u0107.<\/p>\n\n\n\n<p><strong>Demokratska partija socijalista Crne Gore<\/strong><\/p>\n","protected":false},"excerpt":{"rendered":"<p>Danas je u nastavku kampanje za unutarstrana\u010dke izbore u Demokratskoj partiji socijalista odr\u017eana tribina u Plavu na kojoj su se brojnom okupljenom \u010dlanstvu predstavili kandidati za potpredsjednike partije. Prisutne je pozdravio Ivan Vukovi\u0107, koji je istakao da mu pripada velika \u010dast i zadovoljstvo \u0161to se danas nalazi u ovoj, kako je ocijenio, sve ljep\u0161oj i&hellip;<\/p>\n","protected":false},"author":2,"featured_media":590,"comment_status":"open","ping_status":"open","sticky":false,"template":"","format":"standard","meta":{"footnotes":""},"categories":[1],"tags":[],"_links":{"self":[{"href":"https:\/\/mozemobolje.me\/index.php\/wp-json\/wp\/v2\/posts\/589"}],"collection":[{"href":"https:\/\/mozemobolje.me\/index.php\/wp-json\/wp\/v2\/posts"}],"about":[{"href":"https:\/\/mozemobolje.me\/index.php\/wp-json\/wp\/v2\/types\/post"}],"author":[{"embeddable":true,"href":"https:\/\/mozemobolje.me\/index.php\/wp-json\/wp\/v2\/users\/2"}],"replies":[{"embeddable":true,"href":"https:\/\/mozemobolje.me\/index.php\/wp-json\/wp\/v2\/comments?post=589"}],"version-history":[{"count":1,"href":"https:\/\/mozemobolje.me\/index.php\/wp-json\/wp\/v2\/posts\/589\/revisions"}],"predecessor-version":[{"id":591,"href":"https:\/\/mozemobolje.me\/index.php\/wp-json\/wp\/v2\/posts\/589\/revisions\/591"}],"wp:featuredmedia":[{"embeddable":true,"href":"https:\/\/mozemobolje.me\/index.php\/wp-json\/wp\/v2\/media\/590"}],"wp:attachment":[{"href":"https:\/\/mozemobolje.me\/index.php\/wp-json\/wp\/v2\/media?parent=589"}],"wp:term":[{"taxonomy":"category","embeddable":true,"href":"https:\/\/mozemobolje.me\/index.php\/wp-json\/wp\/v2\/categories?post=589"},{"taxonomy":"post_tag","embeddable":true,"href":"https:\/\/mozemobolje.me\/index.php\/wp-json\/wp\/v2\/tags?post=589"}],"curies":[{"name":"wp","href":"https:\/\/api.w.org\/{rel}","templated":true}]}}