{"id":601,"date":"2024-01-15T13:25:47","date_gmt":"2024-01-15T13:25:47","guid":{"rendered":"https:\/\/mozemobolje.me\/?p=601"},"modified":"2024-01-15T13:25:48","modified_gmt":"2024-01-15T13:25:48","slug":"odrzana-tribina-dps-u-rozajama-gradanski-koncept-jedini-recept-za-ocuvanje-crne-gore","status":"publish","type":"post","link":"https:\/\/mozemobolje.me\/index.php\/2024\/01\/15\/odrzana-tribina-dps-u-rozajama-gradanski-koncept-jedini-recept-za-ocuvanje-crne-gore\/","title":{"rendered":"Odr\u017eana tribina DPS u Ro\u017eajama: Gra\u0111anski koncept jedini recept za o\u010duvanje Crne Gore"},"content":{"rendered":"\n<p>Kampanja za unutarpartijske izbore u Demokratskoj partiji socijalista nastavljena je danas u Ro\u017eajama. Tako su se okupljenima u toj op\u0161tini predstavili kandidati za potpredsjednike, me\u0111u kojima i Abaz Dizdarevi\u0107 koji, je istakao da mu je privilegija da govori pred \u010dlanovima partije, za koje ka\u017ee da su u\u010dinili da ideja gra\u0111anske politike i gra\u0111anskog koncepta opstaje i bude dominantna u Crnoj Gori.<\/p>\n\n\n\n<p>\u201cVama ne treba govoriti koliko je zna\u010dajno da DPS postoji i traje. Vitalnost na\u0161e politike \u010dinite upravo vi. Ovo nevrijeme, koje je izvjesno \u0107e pro\u0107i, degradiralo je na\u0161e dru\u0161tvo, kao sistem i ne mo\u017ee se sa sigurno\u0161\u0107u re\u0107i da li je ono rezultat neznanja ili lo\u0161e namjere konkretno prema sjeveru na\u0161e dr\u017eave. Mi smo se potrudili da branimo ono \u0161to su gra\u0111anska nastojanja i vjerujem da poslije op\u0161te klerikalizacije dru\u0161tva ova gra\u0111anska ideja pokazuje \u017eilavost, kao i \u0161to vjerujem da slijedi vrijeme ozdravljenja gra\u0111anske misli u Crnoj Gori\u201d, rekao je Dizdarevi\u0107.<\/p>\n\n\n\n<p>On je saop\u0161tio da je izuzetno ponosan na manjinke narode koji su, kao je dodao, \u010dvrsto ostali uz gra\u0111ansku politiku kakvu dominantno vodi DPS.<\/p>\n\n\n\n<p>\u201cTo je jedini recept za o\u010duvanje i Ro\u017eaja i crnogorskog dru\u0161tva u cjelini. Privilegija je vidjeti koliko na\u0161ih mudrih ljudi i podr\u017eavalaca stoji uz na\u0161u politiku, onih koji su spremni da se zajedno borimo za na\u0161e ideje. Istina je da smo pravili gre\u0161ke u prethodnom periodu i da smo zanemarili neke vrijedne ljude koji su bili beskompromisni borci za ideje na\u0161ih politika. Ali ti ljudi ipak i danas sjede sa nama jer su spremni da te na\u0161e gre\u0161ke oproste, kao i \u0161to su spremni i da nastavimo ovu borbu koja je pred nama. To su gre\u0161ke iz kojih smo izvukli poruke i zbog toga ova kampanje nosi slogan \u2013 Mo\u017eemo bolje\u201d, saop\u0161tio je Dizdarevi\u0107.<\/p>\n\n\n\n<p>Prisutnim \u010dlanovima u Ro\u017eajama obratio se i Elvir Zvko, kandidat za potpredsjednika DPS-a, koji je ukazao da nije jednostavno polti\u010dkipromi\u0161ljati pred njima, koji, kako je ocijenio, imaju svojevrsni uro\u0111eni instinkt za politi\u010dko promi\u0161ljanje, te da uvijek znaju da donosu prave izbore i u politici i u \u017eivotu.<\/p>\n\n\n\n<p>\u201cPriznajem da se ovdje ne osje\u0107am ni kao musafir ni kao gost. Osje\u0107am se me\u0111u svojima, jer smo svi mi jedna velika porodica. Sasvim sigurno da razlog za ovaj moj dodatni osje\u0107aj le\u017ei upravo u toploj i srda\u010dnoj dobrodo\u0161lici partijskog rukovodstva u Ro\u017eajama. To je dokaz otvorenog srca koje ste vi Ro\u017eajke i Ro\u017eajci dokazali vi\u0161e puta i dokazujete to i danas\u201d, zapo\u010deo je svoje izlaganje Zvrko.<\/p>\n\n\n\n<p>I on je kao i njegov prethodnih konstatovao da je partija imala gre\u0161ke u prethodnom periodu, te da su pokazali spremnost da ih priznaju.<\/p>\n\n\n\n<p>\u201cIpak, uvijek smo znali politi\u010dki da promi\u0161ljamo. Kao \u0161to ste i vi znali da izaberete onu partiju koja je antifa\u0161isti\u010dka, gra\u0111anska, evropska, koja je nosilac suvereniteta i garant nezavisnosti Crne Gore. To ste dokazali i 2006. time \u0161to je upravo Ro\u017eaje glasalo preko 91% za crnogorsku nezavisnost. To je ono \u0161to neki ne mogu da vam oproste. Ali mi, kao \u010dlanovi DPS-a, ne smijemo dozvoliti da podlegnemo pod pritisak bukad\u017eija i tzv. \u201coslobodilaca\u201d koji stalno plasiraju pri\u010du da na\u0161a partija za 30 godina svoje vladavine nije uradila ni\u0161ta. Jesmo li mogli vi\u0161e \u2013 jesmo. Ali ne smijemo ni zaboraviti \u0161ta su ovi koji su do\u0161li na vlast poslije nas uradili za ove tri godine\u201d, kazao je Zvrko a potom nabrojao i osvrnuo se na samo neke od rezultata u tom priodu:<\/p>\n\n\n\n<p>\u201cUradili su toliko toga lo\u0161eg i \u0161tetnog da je to te\u0161ko pobrojati jer iz dana u dan nanose \u0161tetu Crnoj Gori da je nemogu\u0107e i sve zapamtiti. Ali prisjetimo se da su sektor zdravstva doveli u goru situaciju nego \u0161to je bila i tokom godina sankcija. Nemamo hidrogen koji se u medicini koristi ve\u0107 150 godina unazad. Nemamo drvene spatule za pregled grla. Nema osnovnih ljekova ni antibiotika. To su isti oni koji su odbili da prime vakcine koje je obezbijedio tada\u0161nji predsjednik dr\u017eave Milo \u0110ukanovi\u0107. Zbog toga je izgubljen veliki broj ljudskih \u017eivota jer nijesu htjeli da prihvate 100.000 vakcina. U prosvjeti, od kad se radi PISA testiranje imamo najlo\u0161ije rezultate. Nijesmo njima bili zadovoljni ni do 2020. godine, ali sad su rezultati jo\u0161 gori, te smo dospjeli na za\u010delju svjetske liste\u201d.<\/p>\n\n\n\n<p>Na kraju Zvrko je kazao da sa tim pristupom nema prosperiteta dr\u017eave: ,,Policiju su ostavili bez automobila nekoliko mjeseci. Opet se \u010duju povici \u2013 no\u017e, \u017eica, Podgorica, dok za tu\u017eila\u0161tvo to nije ni\u0161ta ozbiljno. Bezbjednosni sektor je rasturen, te smo postali nerelevantan partner na\u0161im saveznicima\u201d, ukazao je na situaciju u dr\u017eavi Evlir Zvrko.<\/p>\n\n\n\n<p>Kao kandidat za potpredsjednika DPS-a okupljenim \u010dlanovima u Ro\u017eajama obratio se i Jevto Erakovi\u0107 koji je na po\u010detku svog izlaganja zahvalio gra\u0111ankama i gra\u0111anima ove op\u0161tine na svojevremenom veli\u010danstvenom referendum koji je omogu\u0107io da danas imamo nezavisnu dr\u017eavu.<\/p>\n\n\n\n<p>\u201cPoslije obnove nezavisnosti krenuli smo u razvoj. Imali smo dosta dobrih rezultata i na unutra\u0161njem i na spoljnopoliti\u010dkom planu. I kretalo se to svojom dinamikom sve do 2020. godine, kada se potpuno promijenio koncept na\u0161e dr\u017eave. Ovdje postoji veliki broj uglednih ljudi koji su pro\u0161li razna isku\u0161enja u ovom periodu. Sjetimo se raznih kriznih momenata gdje je bio ugro\u017een identitet Bo\u0161njaka i Muslimana u ovom kraju. Ali \u010dini mi se da smo sve to zajedni\u010dki uspje\u0161no prebrodili\u201d, saop\u0161tio je Erakovi\u0107 a zatim dodao:<\/p>\n\n\n\n<p>\u201cDo\u0161lo je do razvoja nacionalizma, ne\u0111e neskrivenog \u2013 ne\u0111e pritajenog. Ja\u010danje tih struktura vodi uru\u0161avanju Crne Gore. \u010cini mi se da ni Ro\u017eaje nije bio izuzetak. Znamo da je ovdje ve\u0107insko muslimansko i bo\u0161nja\u010dko stanovni\u0161tvo, ali pojedini predstavnici politi\u010dkih struktura dominantno vode ra\u010duna o svojim partijskim interesima a ne o budu\u0107nosti svog naroda kojem oni pripadaju. Mnogima od njih danas je primamljivija op\u0161tinska ili ministarska fotelja nego sudbina svog naroda i sudbina Crne Gore.\u201d<\/p>\n\n\n\n<p>U nastavku svog izlaganja kazao je da slijedi izazovan period u partijskom bivstvovanju ali i generalno u Crnoj Gori.<\/p>\n\n\n\n<p>\u201cKao jedan od prioriteta nametnula se reorganizacija koja \u0107e rezultirati neposrednim unutarpartijskim izborima 28. januara. Mnogo je va\u017enije \u0161ta \u0107emo da uradimo nakon tih izbora a to je da sa novom energijom i novim potencijalom nastavimo da branimo ono \u0161to smo branili u prethodne tri godine \u2013 gra\u0111anskog koncept i da okrenemo Crnu Goru evropskim tokovima. Ne\u0107e biti lako ako vidimo da se de\u0161avaju razli\u010dita gibanja koja \u0107e dovesti do cijepanja odre\u0111enih politi\u010dkih struktura. Mi \u0107emo nakon reorganizacije jasno pokazati da smo spremni da preuzmemo odgovornost koja nam pripada, a to je da vodimo Crnu Goru na njenom evropskom putu\u201d, zaklju\u010dio je Jevto Erakovi\u0107.<\/p>\n\n\n\n<p><strong>Demokratska partija socijalista Crne Gore<\/strong><\/p>\n","protected":false},"excerpt":{"rendered":"<p>Kampanja za unutarpartijske izbore u Demokratskoj partiji socijalista nastavljena je danas u Ro\u017eajama. Tako su se okupljenima u toj op\u0161tini predstavili kandidati za potpredsjednike, me\u0111u kojima i Abaz Dizdarevi\u0107 koji, je istakao da mu je privilegija da govori pred \u010dlanovima partije, za koje ka\u017ee da su u\u010dinili da ideja gra\u0111anske politike i gra\u0111anskog koncepta opstaje&hellip;<\/p>\n","protected":false},"author":2,"featured_media":602,"comment_status":"open","ping_status":"open","sticky":false,"template":"","format":"standard","meta":{"footnotes":""},"categories":[1],"tags":[],"_links":{"self":[{"href":"https:\/\/mozemobolje.me\/index.php\/wp-json\/wp\/v2\/posts\/601"}],"collection":[{"href":"https:\/\/mozemobolje.me\/index.php\/wp-json\/wp\/v2\/posts"}],"about":[{"href":"https:\/\/mozemobolje.me\/index.php\/wp-json\/wp\/v2\/types\/post"}],"author":[{"embeddable":true,"href":"https:\/\/mozemobolje.me\/index.php\/wp-json\/wp\/v2\/users\/2"}],"replies":[{"embeddable":true,"href":"https:\/\/mozemobolje.me\/index.php\/wp-json\/wp\/v2\/comments?post=601"}],"version-history":[{"count":1,"href":"https:\/\/mozemobolje.me\/index.php\/wp-json\/wp\/v2\/posts\/601\/revisions"}],"predecessor-version":[{"id":603,"href":"https:\/\/mozemobolje.me\/index.php\/wp-json\/wp\/v2\/posts\/601\/revisions\/603"}],"wp:featuredmedia":[{"embeddable":true,"href":"https:\/\/mozemobolje.me\/index.php\/wp-json\/wp\/v2\/media\/602"}],"wp:attachment":[{"href":"https:\/\/mozemobolje.me\/index.php\/wp-json\/wp\/v2\/media?parent=601"}],"wp:term":[{"taxonomy":"category","embeddable":true,"href":"https:\/\/mozemobolje.me\/index.php\/wp-json\/wp\/v2\/categories?post=601"},{"taxonomy":"post_tag","embeddable":true,"href":"https:\/\/mozemobolje.me\/index.php\/wp-json\/wp\/v2\/tags?post=601"}],"curies":[{"name":"wp","href":"https:\/\/api.w.org\/{rel}","templated":true}]}}