{"id":604,"date":"2024-01-15T13:27:16","date_gmt":"2024-01-15T13:27:16","guid":{"rendered":"https:\/\/mozemobolje.me\/?p=604"},"modified":"2024-01-15T13:27:16","modified_gmt":"2024-01-15T13:27:16","slug":"zivkovic-trazim-vasu-podrsku-kako-bismo-odgovorno-krenuli-u-reorganizaciju-partije-mozemo-i-moramo-bolje","status":"publish","type":"post","link":"https:\/\/mozemobolje.me\/index.php\/2024\/01\/15\/zivkovic-trazim-vasu-podrsku-kako-bismo-odgovorno-krenuli-u-reorganizaciju-partije-mozemo-i-moramo-bolje\/","title":{"rendered":"\u017divkovi\u0107: Tra\u017eim va\u0161u podr\u0161ku kako bismo odgovorno krenuli u reorganizaciju partije, mo\u017eemo i moramo bolje"},"content":{"rendered":"\n<p>\u201cMoramo po\u010deti od na\u0161e ku\u0107e. Moramo uspje\u0161no zavr\u0161iti neposredne izbore 28. januara, a za to ste nam potrebni vi, kao na\u0161i \u010dlanovi koji po prvi put imate priliku da neposredno birate rukovodstvo. Zbog toga moramo biti zajedno, moramo \u010duvati jedinstvo i djelovati kao tim i nema nikakve dileme da \u0107emo pobijediti. To smo pokazali i u protekle tri godine, jer je zajedni\u0161tvo klju\u010d sigurnog uspjeha\u201d, zapo\u010deo je svoje izlaganje \u017divkovi\u0107, na tribini u Ro\u017eajama odr\u017eanoj u susret partijskim izborima zakazanim za 28. januar ove godine.<br>\u017divkovi\u0107 je obe\u0107ao da \u0107e tu partiju u narednom periodu krasiti mnogo neposredniji kontakt sa svojim \u010dlanovima, na svim nivoima, i da \u0107e to biti model rada u narednom periodu.<\/p>\n\n\n\n<p>Kandidat za predsjednika DPS-a, govorio je o odnosima na politi\u010dkoj sceni Crne Gore, istakav\u0161i stamenost i postojanost Demokratske partije socijalista u dana\u0161njem, kako je kazao, politi\u010dkom galimatijasu.<\/p>\n\n\n\n<p>\u201cPokret Evropa sad se polako ali sigurno uru\u0161ava. Dakle, bli\u017ei se rasulo u kojem \u0107emo vidjeti koji \u0107e od dvojice njihovih lidera iza\u0107i pametniji i ja\u010di. DF se raspao i kre\u0107e u bitka za osvajanje plijena i fotelja, izme\u0111u Andrije Mandi\u0107a i Milana Kne\u017eevi\u0107a. URA i SNP se gr\u010devito bore za cenzus, a Demokrate nema potrebe ni da pominjem\u201d, rekao je \u017divkovi\u0107.<\/p>\n\n\n\n<p>Ipak, dodao je on, va\u017eno je prvo pogledati u svoju ku\u0107u, sprovesti proces jasne i sistemski utvr\u0111ene reorganizacije, i zajedno vrijedno raditi, kako bismo bili spremni za izazove koji nam slijede.<\/p>\n\n\n\n<p>\u017divkovi\u0107 je istakao da \u0107e DPS i dalje imati u fokusu ono \u0161to je temelj politike ove na\u0161e stranke, i na \u010demu smo radili godinama, po\u010dev\u0161i od obnove nezavisnosti, preko \u010dlanstva dr\u017eave u NATO-u, do vra\u0107anja Crne Gore na lidersku poziciju u EU integracijama, na kojoj je bila dok je na\u0161a partija \u010dinila ki\u010dmu vlasti u dr\u017eavi.<\/p>\n\n\n\n<p>Danijel \u017divkovi\u0107 je pozvao sve \u010dlanove DPS, da poka\u017eu solidarnost, upornost i \u017eelju da rade na unapre\u0111enju strukture stranke, da u\u010destvuju u njenoj reorganizaciji.<\/p>\n\n\n\n<p>\u201cDr\u017eimo se zajedno i radimo zajedno. Mo\u017eemo i moramo, jo\u0161 vi\u0161e i jo\u0161 bolje! Potrebno je prepoznati gre\u0161ke koje smo pravili, jer samo tako mo\u017eemo da pravim putem idemo dalje. Moramo raditi na reorganizaciji partije, bu\u0111enju dodatne energije i afirmaciji stru\u010dnih, posve\u0107enih i odgovornih, prije svih mladih ljudi. Od Petnjice, preko Andrijevice, Berana, Plava i Gusinja, energija ljudi koji prisustvuju tribinama pokazuje mi da ne posustajemo, ve\u0107 da smo iz dana u dan, ja\u010di i uporniji da realizujemo viziju Crne Gore, kao ure\u0111ene, evropske dr\u017eave \u201d, kazao je \u017divkovi\u0107.<\/p>\n\n\n\n<p>Na kraju \u017divkovi\u0107 je zaklju\u010dio da za DPS borba tek po\u010dinje, i da je spreman da posve\u0107eno radi i mijenja sve ono \u0161to je neophodno.<\/p>\n\n\n\n<p>\u201cDajem obe\u0107anje, i zato tra\u017eim va\u0161u podr\u0161ku 28. januara, kako bismo odgovorno i posve\u0107eno krenuli u reorganizaciju. Znam \u0161ta treba\u201d, odlu\u010dno je \u010dlanstvu u Ro\u017eajama poru\u010dio Danijel \u017divkovi\u0107.<\/p>\n\n\n\n<p><strong>Danijel \u017divkovi\u0107, v.d. predsjednika DPS Crne Gore<\/strong><\/p>\n","protected":false},"excerpt":{"rendered":"<p>\u201cMoramo po\u010deti od na\u0161e ku\u0107e. Moramo uspje\u0161no zavr\u0161iti neposredne izbore 28. januara, a za to ste nam potrebni vi, kao na\u0161i \u010dlanovi koji po prvi put imate priliku da neposredno birate rukovodstvo. Zbog toga moramo biti zajedno, moramo \u010duvati jedinstvo i djelovati kao tim i nema nikakve dileme da \u0107emo pobijediti. To smo pokazali i&hellip;<\/p>\n","protected":false},"author":2,"featured_media":605,"comment_status":"open","ping_status":"open","sticky":false,"template":"","format":"standard","meta":{"footnotes":""},"categories":[1],"tags":[],"_links":{"self":[{"href":"https:\/\/mozemobolje.me\/index.php\/wp-json\/wp\/v2\/posts\/604"}],"collection":[{"href":"https:\/\/mozemobolje.me\/index.php\/wp-json\/wp\/v2\/posts"}],"about":[{"href":"https:\/\/mozemobolje.me\/index.php\/wp-json\/wp\/v2\/types\/post"}],"author":[{"embeddable":true,"href":"https:\/\/mozemobolje.me\/index.php\/wp-json\/wp\/v2\/users\/2"}],"replies":[{"embeddable":true,"href":"https:\/\/mozemobolje.me\/index.php\/wp-json\/wp\/v2\/comments?post=604"}],"version-history":[{"count":1,"href":"https:\/\/mozemobolje.me\/index.php\/wp-json\/wp\/v2\/posts\/604\/revisions"}],"predecessor-version":[{"id":606,"href":"https:\/\/mozemobolje.me\/index.php\/wp-json\/wp\/v2\/posts\/604\/revisions\/606"}],"wp:featuredmedia":[{"embeddable":true,"href":"https:\/\/mozemobolje.me\/index.php\/wp-json\/wp\/v2\/media\/605"}],"wp:attachment":[{"href":"https:\/\/mozemobolje.me\/index.php\/wp-json\/wp\/v2\/media?parent=604"}],"wp:term":[{"taxonomy":"category","embeddable":true,"href":"https:\/\/mozemobolje.me\/index.php\/wp-json\/wp\/v2\/categories?post=604"},{"taxonomy":"post_tag","embeddable":true,"href":"https:\/\/mozemobolje.me\/index.php\/wp-json\/wp\/v2\/tags?post=604"}],"curies":[{"name":"wp","href":"https:\/\/api.w.org\/{rel}","templated":true}]}}