{"id":625,"date":"2024-01-16T08:39:01","date_gmt":"2024-01-16T08:39:01","guid":{"rendered":"https:\/\/mozemobolje.me\/?p=625"},"modified":"2024-01-16T08:39:01","modified_gmt":"2024-01-16T08:39:01","slug":"odrzana-tribina-dps-nacionalisticka-politika-u-pljevljima-dozivjece-krah-pobijedicemo-u-borbi-za-gradansko-drustvo","status":"publish","type":"post","link":"https:\/\/mozemobolje.me\/index.php\/2024\/01\/16\/odrzana-tribina-dps-nacionalisticka-politika-u-pljevljima-dozivjece-krah-pobijedicemo-u-borbi-za-gradansko-drustvo\/","title":{"rendered":"Odr\u017eana tribina DPS: Nacionalisti\u010dka politika u Pljevljima do\u017eivje\u0107e krah, pobijedi\u0107emo u borbi za gra\u0111ansko dru\u0161tvo"},"content":{"rendered":"\n<p>\u201ePrivilegija je govoriti u Pljevljima, pogotovo kad vas vidim u ovolikom broju. Pljevlja su grad duboke istorijske tradicije, kad govorimo o istorijskoj ostav\u0161tini. Na Municipijum S, Husein pa\u0161inu d\u017eamiju i sve ono \u0161to su intelektualni dometi ove sredine zaista treba da bude ponosno ne samo pljevaljsko okru\u017eenje, nego i \u010ditava Crna Gora\u201d, poru\u010dio je kandidat za potpredsjednika DPS-a Abaz Dizdarevi\u0107, na tribini odr\u017eanoj u Pljevljima u okviru kampanje za unutarstrana\u010dke izbore.<\/p>\n\n\n\n<p>On se ovom prilikom zahvalio na velikom prisustvu \u010dlanova i aktivista stranke, kao i vremenu koje su odvojili. Dizdarevi\u0107 je ukazao da je u Crnoj Gori do\u0161lo do svojevrsne regresije dru\u0161tva.<\/p>\n\n\n\n<p>\u201cOd paradigme multikulturalnog dru\u0161tva, stigli smo do ovih tirada sa gradskih trgova na kojima se \u0161iri neprijateljstvo prema na\u0161im kom\u0161ijama. Imam problem sa onim pjesmama koje lede srca kom\u0161ijska a koja ste mogli da \u010dujete prethodnih no\u0107i, ali koje slu\u0161amo gotovo svakog dana\u201d, kazao je Dizdarevi\u0107 a zatim istakao da ga \u010dudi to \u0161to predsjednik Milatovi\u0107 i premijer Spaji\u0107 \u0107ute o pomenutom doga\u0111aju u Pljevljima, na kome su se sa gradskog trga intonirale \u010detni\u010dke pjesme.<\/p>\n\n\n\n<p>\u201cMilatovi\u0107 i Spaji\u0107 vjerovatno misle da ako dovoljno jako za\u017emure, da se ni\u0161ta od tih pjesmama ne\u0107e \u010duti ovdje u Pljevljima. Oni propagiraju gra\u0111ansku politiku, a nacionalisti\u010dke tirade vidimo na trgovima \u0161irom na\u0161e dr\u017eave\u201d, saop\u0161tio je Dizdarevi\u0107 i na kraju zaklju\u010dio:<\/p>\n\n\n\n<p>\u201cZa razliku od drugih, mi pripadamo partiji ponosnih, pristojnih ljudi i ne\u0107emo \u0161ovinizmom odgovarati na njihov \u0161ovinizam, jer uloga DPS-a je bila i uvijek \u0107e biti emancipatorska.\u201d<\/p>\n\n\n\n<p>Prisutnima se u svojsvu kandidata za potpredsjednika DPS-a obratio i Du\u0161an Rai\u010devi\u0107 koji je ocijenio da Pljevlja po\u010divaju na uva\u017eavanju razli\u010ditosti, te da na tu \u010dinjenicu svi mi u Crnoj Gori treba da budemo ponosni.<\/p>\n\n\n\n<p>\u201cMoramo da se izborimo protiv retrogradnih struja, koje se se \u201codva\u017eile\u201d da dr\u017eavne simbole zamijene trobojkama, predstavljaju\u0107i ih svojim zastavama, kojima mi valjda treba da se poklonimo\u201d, poru\u010dio je Rai\u010devi\u0107.<\/p>\n\n\n\n<p>U nastavku svog izlaganja Rai\u010devi\u0107 se osvrnuo na predstoje\u0107e unutarstrana\u010dke izbore u DPS-u.<\/p>\n\n\n\n<p>\u201cJa sam sre\u0107an i ponosan \u0161to \u0107e ve\u0107 od 28. januara predsjednik na\u0161e partije biti Danijel \u017divkovi\u0107 sa kojim sam u izbornim ciklusima koje smo zajedni\u010dki nastojali da organizujemo u Baru uspjeli da izvojevamo pobjede. Jako sam ponosan na tu \u010dinjenicu kao i na sam na\u010din na koji smo radili. Pred na\u0161om partijom su mnogi izazovi, i ovo ve\u010deras, zbog \u010dega smo se okupili, jeste prvi od tih unutarstrana\u010dkih izazova sa kojima na\u0161a partija, koja je pokrenula proces rekonstrukcije i reorganizacije, treba da se suo\u010di\u201d, kazao je Rai\u010devi\u0107.<\/p>\n\n\n\n<p>\u201cU intezivnoj komunikaciji sa na\u0161im \u010dlanovima i gra\u0111anima, onako kako se to uvijek radilo, nastoja\u0107emo da oslu\u0161kujemo ono \u0161to su njihove potrebe, ono \u0161to su realni \u017eivotni problemi, i na osnovu toga \u0107emo svi zajedno kreirati politike. To mora da bude metod rada partije na svakom mjestu u Crnoj Gori. Siguran sam da i ovdje, u Pljevljima, postoji veliki ljudski i kadrovski potencijal, da je on u svima vama koji ste se ovde okupili\u201d, zaklju\u010dio je Du\u0161an Rai\u010devi\u0107.<\/p>\n\n\n\n<p>Na partijskoj tribini govorio je i kandidat za potpredsjednika, Elvir Zvrko, koji je istakao da mu je poseban izazov i odgovornost da govori pred Pljevljacima, za koje je ocijenio kao ljude sa uro\u0111enom mudro\u0161\u0107u i instiktom da prave dobre politi\u010dke i \u017eivotne odabire.<\/p>\n\n\n\n<p>\u201cOno \u0161to me posebno raduje jeste istrajnost DPS u odbrani onog \u0161to su na\u0161i ciljevi i vrijednosti za koje se zala\u017eemo. Vi dobro znate kroz \u0161ta ste prolazili od devedesetih do danas. Ali snaga DPS le\u017ei u \u010dinjenici da smo opstali uprkos nadanjima na\u0161e politi\u010dke konkurencije da \u0107emo nestati\u201d, saop\u0161tio je Zvrko.<\/p>\n\n\n\n<p>On je ukazao je da jedino DPS ima snagu da vrati Crnu Goru na pravi put te da se zbog toga kao partija mora \u0161to prije vratiti na vlast jer kako je poru\u010dio \u2013 jedino je DPS garant opstanka Crne Gore.<\/p>\n\n\n\n<p>\u201cRazgovarajmo sa na\u0161im \u010dlanovima, simpatizerima, kom\u0161ijama, prijateljima. Ubijedimo ih u ispravnost na\u0161e gra\u0111anske politike i superiornih vrijednosti koje zastupa na\u0161a partija. Moramo da preuzmemo odgovornost, da radimo timski, zajedno, da svi vi, ovdje okupljeni, uzmete u\u010de\u0161\u0107e i podr\u017eite ovaj proces neposrednog izbora rukovodstva Demokratske partije socijalista\u201d, zaklju\u010dio je Elvir Zvrko.<\/p>\n\n\n\n<p><strong>Demokratska partija socijalista Crne Gore<\/strong><\/p>\n","protected":false},"excerpt":{"rendered":"<p>\u201ePrivilegija je govoriti u Pljevljima, pogotovo kad vas vidim u ovolikom broju. Pljevlja su grad duboke istorijske tradicije, kad govorimo o istorijskoj ostav\u0161tini. Na Municipijum S, Husein pa\u0161inu d\u017eamiju i sve ono \u0161to su intelektualni dometi ove sredine zaista treba da bude ponosno ne samo pljevaljsko okru\u017eenje, nego i \u010ditava Crna Gora\u201d, poru\u010dio je kandidat&hellip;<\/p>\n","protected":false},"author":2,"featured_media":626,"comment_status":"open","ping_status":"open","sticky":false,"template":"","format":"standard","meta":{"footnotes":""},"categories":[1],"tags":[],"_links":{"self":[{"href":"https:\/\/mozemobolje.me\/index.php\/wp-json\/wp\/v2\/posts\/625"}],"collection":[{"href":"https:\/\/mozemobolje.me\/index.php\/wp-json\/wp\/v2\/posts"}],"about":[{"href":"https:\/\/mozemobolje.me\/index.php\/wp-json\/wp\/v2\/types\/post"}],"author":[{"embeddable":true,"href":"https:\/\/mozemobolje.me\/index.php\/wp-json\/wp\/v2\/users\/2"}],"replies":[{"embeddable":true,"href":"https:\/\/mozemobolje.me\/index.php\/wp-json\/wp\/v2\/comments?post=625"}],"version-history":[{"count":1,"href":"https:\/\/mozemobolje.me\/index.php\/wp-json\/wp\/v2\/posts\/625\/revisions"}],"predecessor-version":[{"id":627,"href":"https:\/\/mozemobolje.me\/index.php\/wp-json\/wp\/v2\/posts\/625\/revisions\/627"}],"wp:featuredmedia":[{"embeddable":true,"href":"https:\/\/mozemobolje.me\/index.php\/wp-json\/wp\/v2\/media\/626"}],"wp:attachment":[{"href":"https:\/\/mozemobolje.me\/index.php\/wp-json\/wp\/v2\/media?parent=625"}],"wp:term":[{"taxonomy":"category","embeddable":true,"href":"https:\/\/mozemobolje.me\/index.php\/wp-json\/wp\/v2\/categories?post=625"},{"taxonomy":"post_tag","embeddable":true,"href":"https:\/\/mozemobolje.me\/index.php\/wp-json\/wp\/v2\/tags?post=625"}],"curies":[{"name":"wp","href":"https:\/\/api.w.org\/{rel}","templated":true}]}}