{"id":670,"date":"2024-01-20T21:14:29","date_gmt":"2024-01-20T21:14:29","guid":{"rendered":"https:\/\/mozemobolje.me\/?p=670"},"modified":"2024-01-20T21:14:31","modified_gmt":"2024-01-20T21:14:31","slug":"odrzana-tribina-u-ulcinju-zahvaljujuci-podrsci-ljudi-koji-su-tu-kada-je-najteze-dps-je-najjaca-partija-u-drzavi","status":"publish","type":"post","link":"https:\/\/mozemobolje.me\/index.php\/2024\/01\/20\/odrzana-tribina-u-ulcinju-zahvaljujuci-podrsci-ljudi-koji-su-tu-kada-je-najteze-dps-je-najjaca-partija-u-drzavi\/","title":{"rendered":"Odr\u017eana tribina u Ulcinju: Zahvaljuju\u0107i podr\u0161ci ljudi koji su tu kada je najte\u017ee, DPS je najja\u010da partija u dr\u017eavi"},"content":{"rendered":"\n<p>\u201cLijepo je vidjeti energiju koju isijavaju na\u0161i op\u0161tinski odbori. To pokazuje vitalnost na\u0161eg \u010dlanstva i njihovu vjeru u ideale za koje se Demokratska partija socijalista zala\u017ee \u2013 gra\u0111ansku, multikulturalnu i multikonfesionalnu Crnu Goru, \u0161to i jeste Ulcinj u malom\u201d, poru\u010dio je Abaz Dizdarevi\u0107, kandidat za potpredsjednika DPS-a, na ve\u010deras odr\u017eanoj tribini u Ulcinju.<\/p>\n\n\n\n<p>On se obratio okupljenim \u010dlanovima DPS u ovoj op\u0161tini koji su prisustvovali doga\u0111aju u sklopu kampanje povodom partijskih izbora zakazanih za 28. januar i izrazio zadovoljstvo \u0161to ima priliku da sa njima razgovara o budu\u0107nosti partije.<\/p>\n\n\n\n<p>\u201cManje brojni narodi su 2006. godine dali svesrdnu podr\u0161ku obnavljanju crnogorske nezavisnosti, jer su imali viziju gra\u0111anskog ure\u0111enja dr\u017eave. Ono \u0161to mogu da zaklju\u010dim iz dosada\u0161njih obilazaka op\u0161tina tokom ove kampanje za unutarpartijske izbore, jeste jedan narasli pritisak nacionalizma, i to do te mjere da mo\u017eemo vidjeti isijavanja nacionalizama na svakom koraku \u2013 sa trgova, raznih skupova, pa do onoga \u0161to smo mogli da vidimo i u parlamentu ju\u010de. \u010culi smo najgnusnije \u0161ovinisti\u010dke uvrede na ra\u010dun na\u0161eg poslanika, kakve do sad nijesmo imali prilike da \u010dujemo\u201d, rekao je Dizdarevi\u0107.<\/p>\n\n\n\n<p>Kazao je da zadatak partije kojoj pripada jeste da stane na kraj takvom stanju u dru\u0161tvu.<\/p>\n\n\n\n<p>\u201cMoramo pozivati one koji su gra\u0111anski orjentisani da stanu u odbranu svakog \u010dovjeka koji ovu dr\u017eavu osje\u0107a kao svoju. Znamo da se iz tog blata \u0161ovinizma nije se lako izvu\u0107i, ali postoji odlu\u010dnost i u na\u0161oj partiji i u ovim ljudima koji se ve\u010deras predstavljaju kao kandidiati za rukovode\u0107a mjesta u njoj. \u017delimo i ho\u0107emo da se odlu\u010dno borimo protiv takvih pojava. Mi smo se odbranili devedesetih, odbrani\u0107emo se i danas\u201d, saop\u0161tio je Dizdarevi\u0107.<\/p>\n\n\n\n<p>Na strana\u010dkoj tribini u Ulcinju \u010dlanovima partije obratio se i kandidat za potpredsjednika DPS-a Elvir Zvrko koji je na po\u010detku svog obra\u0107anja ukazao da Ulcinjanke i Ulcinjane karakteri\u0161e uro\u0111ena mudrost ali i prepoznatljiv multivjerski i multikulturalni sklad.<\/p>\n\n\n\n<p>\u201cUlcinjani, vas \u010dak devedeset procenata, podr\u017ealo je nezavisnost Crne Gore, a svoju velikodu\u0161nost najbolje ste pokazali 1999. godine kada ste primili desetine hiljada izbjeglica i omogu\u0107ili svima njima da se ovdje osje\u0107aju dobrodo\u0161lim. Kakav je bio va\u0161 odnos prema njima najbolje govori izjava jednog od njih koji je kazao: \u201cbesu vam dajem nigdje ne bismo pro\u0161li kao u Crnoj Gori\u201d. Zato smo vam posebno zahvalni, jer ste i na taj na\u010din sa\u010duvali obraz Crnoj Gori\u201d, istakao je Zvrko.<\/p>\n\n\n\n<p>U nastavku svog obra\u0107anja govorio je i o aktuelnoj situaciji u dr\u017eavi.<\/p>\n\n\n\n<p>\u201cVrlo brzo se pokazalo da je DPS vodio ispravnu politiku, ali da ono \u0161to je bila na\u0161a lo\u0161a sre\u0107a i zbog \u010dega imamo razli\u010dite posljedice uru\u0161avanja Crne Gore jeste ono \u0161to nam se de\u0161ava od 2020. godine do danas\u201d, rekao je Zvrko a onda i naveo samo neke od primjera.<\/p>\n\n\n\n<p>\u201cU zdravstvenom sektoru, koji je meni najbli\u017ei, danas ne mo\u017eete izvr\u0161iti transplataciju bubrega. Bili smo na vrhu liste smrtnosti od koronavirusa. Imamo nikad lo\u0161ije rezultate na PISA testiranju, ali to ne treba da nas \u010dudi kad imamo nastavnike i profesore koji \u0111acima u gimnaziji govore da je referendum pokraden. Od strane EU smo progla\u0161eni za zemlju rak ranu Evrope. Sve ovo samo ukazuje na jedno \u2013 da \u017eivimo period svojevrsnog propadanja Crne Gore.\u201d<\/p>\n\n\n\n<p>Na strana\u010dkoj tribini u Ulcinju govorio je i Ivan Vukovi\u0107, koji je tako\u0111e kandidat za potpredsjednika partije. On se svim prisutnima posebno zahvalio na tome da su protekle tri i po godine, i pored \u010dinjenice da je bilo te\u0161ko, ostali uz DPS.<\/p>\n\n\n\n<p>\u201cPosljednje tri i po godine su donijele jednu posebnu vrstu izazova, u smislu testa onih ljudi koji su tradicionalno pripadali na\u0161oj politici. I najve\u0107i broj njih koji su prije toga pripadali DPS-u, ostali su uz na\u0161u partiju. Vi ste me\u0111u njima, i ja osje\u0107am potrebu da vam zahvalim, jer znam koliko je to bilo te\u0161ko\u201d, kazao je Vukovi\u0107 na po\u010detku.<\/p>\n\n\n\n<p>U nastavku svog govora osvrnuo se i na danas objavljeno istra\u017eivanje javnog mnjenja, prema kome je DPS u\u017eiva gotovo istu podr\u0161ku kao i vode\u0107a partija parlamentare ve\u0107ine.<\/p>\n\n\n\n<p>\u201cSvi treba da budemo ponosni na to ako imamo u vidu ambijent u kom funkcioni\u0161emo i ako devedeset procenata medija svakodnevno radi da, maltene, svakog od nas delegitimi\u0161e. Ta kampanja kriminalizacije DPS-a se ne zaustavlja do dana\u0161njeg dana i svako ko ima veze sa na\u0161om partijom je meta tih ljudi\u201d, ukazao je Vukovi\u0107.<\/p>\n\n\n\n<p>Istakao je da u partiji znaju kako izgleda kampanja koja se vodi protiv Crne Gore, a pogotovo znaju dobro kako izgleda kampanja koja se vodi protiv DPS-a.<\/p>\n\n\n\n<p>\u201cZnamo ko finansira te kampanje i koji je cilj tih kampanja protiv Crne Gore. U takvom ambijentu mi smo prakti\u010dno izjedna\u010deni u podr\u0161ci sa onima koji su, kako se oni hvale populisti\u010dki podigli plate i penzije. A to zna\u010di samo jedno \u2013 da DPS ima \u010dlanstvo kakvo nema nijedna druga partija u Crnoj Gori\u201d, konstatovao je Vukovi\u0107.<\/p>\n\n\n\n<p>U nastavku, ukazao je da u ovim danima dosada\u0161nje kampanje, obilaze\u0107i \u010dlanove partije, kandidati za najvi\u0161e funkcije imali su prilike da vide snagu tog potencijala.<\/p>\n\n\n\n<p>\u201cSrijetali smo ljude od Petnjice do ve\u010deras Ulcinja, koji su zbog osje\u0107aja pripadnosti ali i zbog inata \u010dvrsto ostali uz DPS. Upravo zahvaljuju\u0107i toj podr\u0161ci ljudi koji su tu i kad je najte\u017ee \u2013 DPS je najja\u010da partija u Crnoj Gori. Mi ne da smo na nogama, nego stojimo ponosno, \u010dvrsto i ozbiljno prijetimo na\u0161oj politi\u010dkoj konkurenciji, te nemamo nikakvu dilemu da \u0107emo na narednim izborima biti najja\u010da partija u Crnoj Gori\u201d, jasan je u svom stavu Vukovi\u0107.<\/p>\n\n\n\n<p>Na kraju svog obra\u0107anja okupljenima je poru\u010dio da DPS svojim pobjedama u prethodnom periodu trasirala put ka nekoj sre\u0107nijoj budu\u0107nosti za na\u0161u dr\u017eavu.<\/p>\n\n\n\n<p>\u201cCrna Gora u koju vjerujemo i koju smo gradili zna\u010di gra\u0111ansko dru\u0161tvo jednakih \u0161ansi, u kojem \u0107e i neko iz Ulcinja, i Petnjice i Herceg Novog da se osje\u0107a gra\u0111aninom prvog reda. To je jedina Crna Gora koja mo\u017ee da postoji, to je vizija koja nas povezuje i to je ono za \u0161ta se mi borimo\u201d, zaklju\u010dio je Ivan Vukovi\u0107.<\/p>\n\n\n\n<p>I naredni govornik na strana\u010dkoj tribini, kandidiat za potpredsjednika Jevto Erakovi\u0107, kazao je da mu predstavlja izuzetnu \u010dast i zadovoljstvo da se nalazi me\u0111u \u010dlanovima partije u Ulcinju sa kojima je, kako je istakao, razgovarao i formalno i neformalno tokom brojnih izbornih procesa u prethodnom periodu.<\/p>\n\n\n\n<p>\u201cDok druge razvijene zemlje Evrope razmi\u0161ljaju kako da pove\u0107aju plate, kako mladi da bolje \u017eive, kako da imaju bolji zdravstveni sistem, kako da se pobolj\u0161a razvoj turizama ili dodatno izgrade aerodromi, mi smo u prilici da pri\u010damo o tome kako da za\u0161titimo dr\u017eavu da bi sve to mogli da imamo\u201d, rekao je Erakovi\u0107, zaklju\u010div\u0161i da se nalazimo u jednoj zamaskiranoj igri u kojoj su se neki primirili na politi\u010dkoj sceni a zapravo ba\u0161tine iste one nacionalisti\u010dke ideje zatiranja na\u0161e dr\u017eave i uni\u0161tavanja svega onoga za \u0161ta \u017eelimo da se borimo.<\/p>\n\n\n\n<p>I Erakovi\u0107 je kratko prokomentarisao danas objavljeno istra\u017eivanje.<\/p>\n\n\n\n<p>\u201cIstra\u017eivanja nam govore da se polako situacija mijenja, i ja se nadam da \u0107emo sa zavr\u0161etkom ovog unutarpartijskog izbornog procesa biti u prilici da preuzmemo odgovornost kakva nam pripada, zato \u0161to se tu nalazi profesionalci i ljudi koji vole Crnu Goru. Ako \u017eelite napredak svojoj dr\u017eavi morate na najodgovornijim pozicijama postaviti ljude koji su moralni, eti\u010dni i koji vole Crnu Goru, a upravo takvi ljudi se nalaze u DPS-u\u201d, konstatovao je on.<\/p>\n\n\n\n<p>Kazao je da u toj partiji posebno insistiraju na znanju, kvalitetu, profesionalizmu i na pravom odnosu prema na\u0161oj dr\u017eavi.<\/p>\n\n\n\n<p>\u201cMoramo pri\u010dati sa svim na\u0161im poznanicima i prijateljima, i objasniti im u kakvim se \u010deljustima nalazi Crna Gora. Da im uka\u017eemo na poku\u0161aje da se krvavi nacionalizam ponovo vrati\u201d, saop\u0161tio je Erakovi\u0107.<\/p>\n\n\n\n<p>Zatim je govorio i o poku\u0161ajima da se gra\u0111anima koji se nalaze izvan Crne Gore onemogu\u0107i pravo glasa, a da se to omogu\u0107i onima koji nijesu ro\u0111eni u na\u0161oj dr\u017eavi.<\/p>\n\n\n\n<p>\u201cTakvim in\u017eenjeringom poku\u0161avaju da na\u0161u zemlju sravne i time potru Crnu Goru, i nas u\u010dine nacionalnom manjinom. Stoga, o\u010dekije nas mnogo posla i na dr\u017eavnom nivou i ovdje u Ulcinju. Znam da nije lako biti podr\u017eavac DPS u Ulcinju. Bilo je mnogo revan\u0161izma i mnogo optu\u017ebi na ra\u010dun \u010dasnih i po\u0161tenih ljudi. Ipak, vi ste ostali \u010dvrsto uz nas, oduprli ste se pritisku i nastavili da podr\u017eavate gra\u0111ansku ideju Demokratske partije socijalista\u201d, zaklju\u010dio je Jevto Erakovi\u0107.<\/p>\n\n\n\n<p>Posljednji kandidat za potpredsjednika koji je govorio na ve\u010dera\u0161njoj tribini u Ulcinju bio je Du\u0161an Rai\u010devi\u0107. On je tako\u0111e, kao i njegovi prethodnici, na po\u010detku istakao da je izuzetno sre\u0107an i zadovoljan \u0161to se nalazi me\u0111u \u010dlanovima partije sa kojima je, kako je ocijenio, \u0161to direktno, \u0161to indirektno sara\u0111ivao u prethodnom periodu i intenzivno nastojao doprinositi izbornim pobjedama i u Ulcinju i u Baru.<\/p>\n\n\n\n<p>\u201cSve to je unaprije\u0111ivalo na\u0161e zajedni\u010dko prijateljstvo koje treba da bude zajedni\u010dka ta\u010dka reorganizacije na\u0161e partije. Smatram da najve\u0107a snaga na\u0161e partije le\u017ei u vama, jer ste vi bili ti koji ste davali nemjerljiv doprinos svim na\u0161im pobjedama, a dosta \u010desto nijesmo znali da vam se adekvatno zahvalimo za va\u0161 trud i zalaganje. U jednom trenutku smo od silnih izbornih pobjeda zaboravili da nedovoljno bistro vidimo ko su nam politi\u010dki neprijatelji, da smo takmi\u010darski duh prenijeli u na\u0161e redove i po\u010deli da se takmi\u010dimo jedni za drugima, a da su ljudske sujete po\u010dele da dominiraju. To nas je i dovelo do izbornih poraza\u201d, saop\u0161tio je svoje mi\u0161ljenje Rai\u010devi\u0107.<\/p>\n\n\n\n<p>On je zatim ukazao da su u partiji svjesni gre\u0161aka koje je sam naveo, te da postoji spremnost da se kroz reorganizaciju DPS vrati onome \u0161to su njene temeljne vrijednosti.<\/p>\n\n\n\n<p>\u201cNajve\u0107a na\u0161a vrijednost bilo je ispunjavanje rezultata. Kada smo po\u010deli da to ne radimo, do\u0161lo je do nezadovoljstva koje je vodilo u poraz. Zbog toga i moramo iskreno i otvoreno razgovarati\u201d, ocijenio je Rai\u010devi\u0107.<\/p>\n\n\n\n<p>Na kraju okupljenim \u010dlanovima kazao je i koji su dalji ciljevi partije.<\/p>\n\n\n\n<p>\u201cNa\u0161 primarni cilj je da oslobodimo Crnu Goru od okova nacionalizma i okova populizima koji je zahvatio sve pore na\u0161eg dru\u0161tva. Mi smo ti koji predstavljaju avangardu i mi smo ti koji smo trasili put razvoja savremene Crne Gore. A upravo to je ono \u0161to je Crnoj Gori u ovom trenutku najpotrebnije\u201d, zaklju\u010dio je Du\u0161an Rai\u010devi\u0107.<\/p>\n\n\n\n<p><strong>Demokratska partija socijalista Crne Gore<\/strong><\/p>\n","protected":false},"excerpt":{"rendered":"<p>\u201cLijepo je vidjeti energiju koju isijavaju na\u0161i op\u0161tinski odbori. To pokazuje vitalnost na\u0161eg \u010dlanstva i njihovu vjeru u ideale za koje se Demokratska partija socijalista zala\u017ee \u2013 gra\u0111ansku, multikulturalnu i multikonfesionalnu Crnu Goru, \u0161to i jeste Ulcinj u malom\u201d, poru\u010dio je Abaz Dizdarevi\u0107, kandidat za potpredsjednika DPS-a, na ve\u010deras odr\u017eanoj tribini u Ulcinju. On se&hellip;<\/p>\n","protected":false},"author":2,"featured_media":671,"comment_status":"open","ping_status":"open","sticky":false,"template":"","format":"standard","meta":{"footnotes":""},"categories":[1],"tags":[],"_links":{"self":[{"href":"https:\/\/mozemobolje.me\/index.php\/wp-json\/wp\/v2\/posts\/670"}],"collection":[{"href":"https:\/\/mozemobolje.me\/index.php\/wp-json\/wp\/v2\/posts"}],"about":[{"href":"https:\/\/mozemobolje.me\/index.php\/wp-json\/wp\/v2\/types\/post"}],"author":[{"embeddable":true,"href":"https:\/\/mozemobolje.me\/index.php\/wp-json\/wp\/v2\/users\/2"}],"replies":[{"embeddable":true,"href":"https:\/\/mozemobolje.me\/index.php\/wp-json\/wp\/v2\/comments?post=670"}],"version-history":[{"count":1,"href":"https:\/\/mozemobolje.me\/index.php\/wp-json\/wp\/v2\/posts\/670\/revisions"}],"predecessor-version":[{"id":672,"href":"https:\/\/mozemobolje.me\/index.php\/wp-json\/wp\/v2\/posts\/670\/revisions\/672"}],"wp:featuredmedia":[{"embeddable":true,"href":"https:\/\/mozemobolje.me\/index.php\/wp-json\/wp\/v2\/media\/671"}],"wp:attachment":[{"href":"https:\/\/mozemobolje.me\/index.php\/wp-json\/wp\/v2\/media?parent=670"}],"wp:term":[{"taxonomy":"category","embeddable":true,"href":"https:\/\/mozemobolje.me\/index.php\/wp-json\/wp\/v2\/categories?post=670"},{"taxonomy":"post_tag","embeddable":true,"href":"https:\/\/mozemobolje.me\/index.php\/wp-json\/wp\/v2\/tags?post=670"}],"curies":[{"name":"wp","href":"https:\/\/api.w.org\/{rel}","templated":true}]}}