{"id":676,"date":"2024-01-22T23:05:20","date_gmt":"2024-01-22T23:05:20","guid":{"rendered":"https:\/\/mozemobolje.me\/?p=676"},"modified":"2024-01-22T23:05:21","modified_gmt":"2024-01-22T23:05:21","slug":"odrzana-tribina-dps-u-baru-u-opstinama-u-kojima-smo-na-vlasti-nema-populizma-i-nacionalizma-bavimo-se-razvojem-i-poboljsanjem-standarda-gradana","status":"publish","type":"post","link":"https:\/\/mozemobolje.me\/index.php\/2024\/01\/22\/odrzana-tribina-dps-u-baru-u-opstinama-u-kojima-smo-na-vlasti-nema-populizma-i-nacionalizma-bavimo-se-razvojem-i-poboljsanjem-standarda-gradana\/","title":{"rendered":"Odr\u017eana tribina DPS u Baru: U op\u0161tinama u kojima smo na vlasti nema populizma i nacionalizma, bavimo se razvojem i pobolj\u0161anjem standarda gra\u0111ana"},"content":{"rendered":"\n<p>\u201cBar karakteri\u0161e multivjerski, multinacionalni i multikulturalni sklad, uz to, u du\u017eem vremenskom periodu ova op\u0161tina ima jaku lokalnu samoupravu prvenstveno zahvaljuju\u0107i DPS-u. Raduje me da je posljednje vrijeme na \u010delu op\u0161tine moj prijatelj Du\u0161an Rai\u010devi\u0107 koji vrlo uspje\u0161no sprovodi politiku Demokratske partije socijalista i nastavlja razvoj Bara\u201d, poru\u010dio je Elvir Zvrko, kandidat za potpredsjednika DPS-a, na ve\u010deras odr\u017eanoj tribini u Baru.<\/p>\n\n\n\n<p>On se obratio okupljenim \u010dlanovima DPS u Baru koji su prisustvovali doga\u0111aju u sklopu kampanje povodom unutarstrana\u010dkih izbora i ukazao im da ta partija mora istrajavati na tome da i u budu\u0107em periodu nastavi da vodi op\u0161tinu.<\/p>\n\n\n\n<p>\u201cU svim op\u0161tinama od Berana, Kotora, Budve, Herceg Novog, gradovima koji su na neki na\u010din ostali isti kao prije 10-15 godina u smislu unaprje\u0111enja kvaliteta \u017eivota upravo zajedni\u010dko je to da je tamo DPS u opoziciji. Zato moramo ostati jaki u Baru, kao \u0161to smo to i sada\u201d, saop\u0161tio je Zvrko.<\/p>\n\n\n\n<p>Zvrko je dodao da Bar ima poseban zna\u010daj za Crnu Goru, jer, kako je ocijenio, to je grad koji je na svojevrstan na\u010din prozor na\u0161e dr\u017eave ka svijetu i ne samo zbog prve radiotelegrafske veze nego zato \u0161to je Bar i privredni, kulturni i sportski centar Crne Gore.<\/p>\n\n\n\n<p>Na strana\u010dkoj tribini u ovoj op\u0161tini \u010dlanovima partije obratio se i kandidat za potpredsjednika DPS-a Ivan Vukovi\u0107 koji je na po\u010detku svog obra\u0107anja prisutnim \u010dlanovima zahvalio na velikom odazivu.<\/p>\n\n\n\n<p>\u201cJedna Crna Gora kojoj mi pripadamo zna\u010di Crnu Goru multietni\u010dke harmonije, dr\u017eavu gra\u0111anskih vrijednosti, zna\u010di da ma kako god se zvali i prezivali mo\u017eete re\u0107i da je ovo va\u0161a dr\u017eava i da ste gra\u0111anin prvog reda. To je Crna Gora koja se ponosi antifa\u0161izmom, koja je progresivno okrenuta svijetu i koja nema strah da se takmi\u010di sa tim svijetom. To je Crna Gora koju mi personifikujemo\u201d, rekao je Vukovi\u0107.<\/p>\n\n\n\n<p>On je istakao da nasuprot tome stoji ona Crna Gora koju personifikuje aktuelni predsjednik Skup\u0161tine Andrija Mandi\u0107.<\/p>\n\n\n\n<p>\u201cTo je Crna Gora koja poku\u0161ava da poni\u0161ti slavnu istoriju i ovog grada i ove zemlje. To se radi kako bi se ovim i sljede\u0107im generacijama ukrala budu\u0107nost. To je poruka da mi ne mo\u017eemo dovoljno dobro da \u017eivimo od svog rada, nego da treba neko da nas izdr\u017eava. To je Crna Gora koja je zatvorena prema svijetu i prema svojim prvim komsijama. To je Crna Gora u kojoj se prebrojavaju krvna zrnca. To je sve ono \u0161to je alternativa na\u0161oj politici\u201d, jasno je poru\u010dio Vukovi\u0107.<\/p>\n\n\n\n<p>U nastavu svog obra\u0107anja Vukovi\u0107 je kazao da su tokom ove kampanje za partijske izbore vidjeli \u0161ta implementacija te politike zna\u010di za ljude \u0161irom Crne Gore.<\/p>\n\n\n\n<p>\u201cPo\u010deli smo iz Petnjice i Berana. U Beranama se ni\u0161ta ne de\u0161ava posljednjih 10 godina od kada je tamo na vlasti na\u0161a politi\u010dka konkurencija. Tamo nema pri\u010de o razvoju, ve\u0107 samo prevladava pri\u010da o nacionalizmu, populizmu i nepodno\u0161ljivom primitivizmu. Nema pri\u010de o projektima, kako da zadr\u017eimo mlade ljude, kako da otvorimo novu perspektivu razvoja\u201d, istakao je Vukovi\u0107.<\/p>\n\n\n\n<p>On je mi\u0161ljenja da za razliku od svega \u0161to je naveo, u gradovima u kojima vlast vr\u0161i DPS vlada potpuno druga\u010dija atmosfera i situacija.<\/p>\n\n\n\n<p>\u201cAli kad sjedete i sa Samirom Agovi\u0107em, Petrom Smolovi\u0107em, Jugoslavom Jaki\u0107em ili Du\u0161anom Rai\u010devi\u0107em, vi slu\u0161ate samo o tome \u2013 kako da se otvori neki novi vodovod, novo igrali\u0161te ili novi projekat, i u finalu kako da se otvori neka nova perspektiva razvoja. Mislim da je najbolji primjer svega toga upravo op\u0161tina Bar\u201d, zaklju\u010dio je Ivan Vukovi\u0107.<\/p>\n\n\n\n<p>\u010clanove partije u Baru pozdravio je i Abaz Dizdarevi\u0107, koji je tako\u0111e kandidat za potpredsjednika partije. On je svim prisutnima ukazao na velike sli\u010dnosti i specifi\u010dnosti izme\u0111u Bijelog Polja, iz kojeg sam dolazi, i Bara.<\/p>\n\n\n\n<p>\u201cSli\u010dnost izme\u0111u Bijelog Polja i Bara je upravo taj sinergijski efekat udru\u017eivanje ljudi razli\u010ditih religija i nacija. To su gradovi sklada i drago mi je \u0161to smo uspjeli da sa\u010duvamo sjevernu i ju\u017enu kapiju Crne Gore\u201d, rekao je Dizdarevi\u0107, dodaju\u0107i da su to gradovi u kojima su se pro\u017eimale razne kulture ali u kojima su ljudi uvijek bili jedni uz druge.<\/p>\n\n\n\n<p>\u201cImali smo velike izazove i najve\u0107e od nezavisnosti, ali upravo ova komponenta koja nas je uvezala \u2013 u\u010dinila je da ostanemo na braniku gra\u0111anske, multikonfesionalne i evropske Crne Gore.\u201d<\/p>\n\n\n\n<p>U nastavku svog govora Dizdarevi\u0107 se osvrnuo i na situaciju u dr\u017eavi u protekle tri i po godine.<\/p>\n\n\n\n<p>\u201cPrethodne godine su obilje\u017eili brojni problemi. Klju\u010dni problemi su se odnosili na sve one domete koje smo svi mi ostvarivali u prethodne tri decenije a koji se prije svega ti\u010du multietni\u010dkog i multivjerskog sklada. Na\u017ealost, skrenuli su nas sa evropskog puta, a bili smo predvodnici regiona i najbolji primjer napredovanja u evropskim integracijama\u201d, izrazio je svoj stav Dizdarevi\u0107.<\/p>\n\n\n\n<p>On smatra da je uru\u0161avanje tih vrijednosti, za koje se, kako je ocijenio, DPS zalagala, jeste ne\u0161to \u0161to je obilje\u017eilo prethodne \u010detiri godine.<\/p>\n\n\n\n<p>\u201cDo\u0161lo je do svojevrsne regresije, jer se vra\u0107amo na neke po\u010detke devedesetih godina. To su te\u0161ka i turobna vremena, ali to nije iznena\u0111enje jer je ovo politika koja poku\u0161ava da reaktivira politiku devedesetih. Na nama je da im se suprostavimo i svrgenemo ih sa vlasti, i onda da nastavimo da gradimo Crnu Goru na konceptu gra\u0111anskog drustva, a ne na klerikalizaciji\u201d, poru\u010dio je Dizdarevi\u0107.<\/p>\n\n\n\n<p>Na kraju konstatovao je da su u periodu vlasti DPS-a manjinski narodi ostvarili najve\u0107i stepen sloboda u istoriji Crne Gore, dok se danas sa ulica i trgova u raznim gradovima \u0161irom na\u0161e dr\u017eave \u010duju prijete\u0107i tonovi.<\/p>\n\n\n\n<p>\u201cSad se to preselilo i u Parlamentu Crne Gore. Prije nekoliko dana, imali smo prilike da \u010dujemo \u0161ovinisti\u010dke uvrede, kakve se nikada ranije nijesu \u010dule pa ni devedesetih godina\u201d, zaklju\u010dio je Abaz Dizdarevi\u0107.<\/p>\n\n\n\n<p>U svojstvu kandidata za potpredsjednika DPS-a na strana\u010dkoj tribini u Baru govorio je i Jevto Erakovi\u0107 koji je na po\u010detku svog govora istakao da mu pripada velika \u010dast i zadovoljstvo \u0161to je bio u prilici da im se obrati.<\/p>\n\n\n\n<p>\u201c\u010cini mi se da do sada nikad nijesam pogrije\u0161io, a uvjeren sam da ne\u0107u ni veceras. Kad obilazite Crnu Goru onaj prvi osje\u0107aj kad u\u0111ete u salu gdje se nalaze na\u0161i \u010dlanovi i pristalice, govori ono \u0161to o\u010dekuje na\u0161u partiju u budu\u0107em periodu u tom gradu. Na osnovu ulaska u ovu salu, i energije i pozitivnog talasa koji nas je zapljusnuo u njoj, mogu da ka\u017eem da je sigurna i izvjesna budu\u0107nost DPS-a i u Baru i u Crnoj Gori\u201d, poru\u010dio je Erakovi\u0107.<\/p>\n\n\n\n<p>On je zatim konstatovao da Bar u kontinuitetu posti\u017ee dobre rezultate, da je to grad koji po\u0161tuje razli\u010ditost i koji, kako je ocijenio, u pravom smislu ba\u0161tini ideju gra\u0111anske Crne Gore, bez koje, kako je dodao, nam nema nikakve budu\u0107nosti na\u0161e dr\u017eave.<\/p>\n\n\n\n<p>\u201cZahvaljuju\u0107i takvoj politici koja je bila u prethodnom periodu, napravili smo rezultate. A moramo i za ove najskorije rezultate da odamo zahvalnost i Danijelu \u017divkovi\u0107u, i Du\u0161anu Rai\u010devi\u0107u, i Mladenu \u0110uri\u010di\u0107u, i Alenu Nikezi\u0107u, ali i svim vrijednim aktivistima i vama bez kojih nije bilo mogu\u0107e to ostvariti. Hvala vam na svemu \u0161to ste uradili za Crnu Goru, jer ovo jeste oaza slobode\u201d, rekao je Erakovi\u0107.<\/p>\n\n\n\n<p>Saop\u0161tio je i razloge zbog kojih se Crna Gora nalazi pred velikim izazovima.<\/p>\n\n\n\n<p>\u201cSjetimo se poslije 2006. godine kad smo obnovili dr\u017eavnost, da smo krenuli putem napretka, i u obrazovanju, zdravstvu, razvoju infrastrukture. \u010cinilo nam se da \u0107emo u tom pravcu razmi\u0161ljati i ubudu\u0107e, da \u0107emo se baviti time \u0161to da uradimo da bolje \u017eivimo, da imamo bolje plate, bolji uslovi za privla\u010denje investitora,\u2026 Ipak susrije\u0107emo se sa ne\u010dim \u0161to nije svojstveno nijednoj drugoj dr\u017eavi \u2013 moramo da se borimo za o\u010duvanje dr\u017eave koju smo mukotrpno stekli, zahvaljuju\u0107i jednom svojevrsnom ratu koji se vodi protiv Crne Gore\u201d, kazao je Erakovi\u0107 a zatim zaklju\u010dio:<\/p>\n\n\n\n<p>\u201cOni ljudi koji rade za interese druge dr\u017eave a protiv svoje, ne\u0107emo zvati nikako druga\u010dije nego izdajnicima. To nijesu niti na\u0161e kom\u0161ije, niti prijatelji koji su zalu\u0111eni razli\u010ditim idejama, nego su oni svojevrsni izdajnici koji rade u interesu drugih dr\u017eava.\u201d<\/p>\n\n\n\n<p>Na kraju svojim Barankama i Baranima obratio se i posljedni kandidat za potpredsjednika DPS-a, Du\u0161an Rai\u010devi\u0107, koji je istakao da je najponosniji kada je me\u0111u i sa \u010dlanovima partije u njegovom i njihovom Baru.<\/p>\n\n\n\n<p>\u201c\u017delim da vam se zahvalim na jednu kontinuiranu podr\u0161ku koju dajete partiji, na participaciji u radu Op\u0161tinskog odbora i da vam se zahvalim za podr\u0161ku koju dajete meni li\u010dno. Ne zato \u0161to ona dolazi sa nivoa Op\u0161tinskog odbora, ve\u0107 zbog \u010dinjenice da sam privilegovan da mogu da dijelim partijske borbe zajedno sa svima vama\u201d, zapo\u010deo je svoje izlaganje Rai\u010devi\u0107.<\/p>\n\n\n\n<p>On je zatim iskazao po\u0161tovanje i zahvalnost svim \u010dlanovima partije koji su mu dali podr\u0161ku i koji su, kako je istakao, svojim&nbsp;&nbsp;potpisom stali iza njegove kandidature za potpredsjednika DPS-a, apostrofiraju\u0107i da su se iz Bara u prethodnim vremenima \u010desto donosile istorijske odluke odgovorne za budu\u0107nost grada, ali i Crne Gore.<\/p>\n\n\n\n<p>\u201cPred nama su prvi unutarpartijski neposredni izbori gdje smo se odlu\u010dili da upravo vama \u010dlanovima partije, ljudima koji su najzaslu\u017eniji za ono \u0161to su uspjesi na lokalnom i dr\u017eavnom nivou, damo priliku da odlu\u010dite ko su ljudi koji bi trebalo da vode partiju u nekom narednom periodu. I kao \u0161to ste \u010duli, ne\u0107ete pogrije\u0161iti kome god da date tu podr\u0161ku. Ovdje smo da poka\u017eemo da smo jedan tim, koji ima zajedni\u010dki cilj, a to je pobolj\u0161anje uslova \u017eivota svih gra\u0111ana Crne Gore\u201d, rekao je Rai\u010devi\u0107.<\/p>\n\n\n\n<p>On je ukazao i na sve one \u010dinjenice koje DPS razlikuje od drugih politi\u010dkih subjekata.<\/p>\n\n\n\n<p>\u201cDok smo se mi bavili razvojem, prethodne tri godine svjedo\u010dimo promjeni te prakse. Me\u0111utim, koliko god ta praksa prethodne tri god nije bila dobra, ja sam ponosan zbog \u010dinjenice \u0161to smo mi sa lokalnog nivoa uporno pokazivali kako mo\u017ee i kako treba, sa nivoa centralne vlasti smo dobijali primjere kako ne treba\u201d, kazao je Rai\u010devi\u0107.<\/p>\n\n\n\n<p>Na kraju on je okupljenom \u010dlanstvu poru\u010dio da budu uvjereni da ona politika koju DPS propagira jesu razvojni projekti i dodatna razvojna komponenta koja se odnosi na kvalitet \u017eivota svih gra\u0111ana u Crnoj Gori.<\/p>\n\n\n\n<p>\u201cZnali smo da pru\u017eimo odgovore uvijek kada je bilo te\u0161ko. Znao je to Bar i 1996. godine, znao je i 1999. godine kada su NATO rakete bile usmjerene ka Crnoj Gori. Sa\u010duvali smo mir zahvaljuju\u0107i \u010dovjeku koji je uvijek imao viziju i koji je uvijek znao kako tu viziju da sprovede u djelo. Nije on to mogao sam, uvijek je uz sebe imao kvalitetne ljude, armiju podr\u017eavalaca na\u0161e politike, i upravo na temelju te podr\u0161ke smo donosili kvalitetne odlike za budu\u0107nost Crne Gore\u201d, zaklju\u010dio je Du\u0161an Rai\u010devi\u0107.<\/p>\n\n\n\n<p><strong>Demokratska partija socijalista Crne Gore<\/strong><\/p>\n","protected":false},"excerpt":{"rendered":"<p>\u201cBar karakteri\u0161e multivjerski, multinacionalni i multikulturalni sklad, uz to, u du\u017eem vremenskom periodu ova op\u0161tina ima jaku lokalnu samoupravu prvenstveno zahvaljuju\u0107i DPS-u. Raduje me da je posljednje vrijeme na \u010delu op\u0161tine moj prijatelj Du\u0161an Rai\u010devi\u0107 koji vrlo uspje\u0161no sprovodi politiku Demokratske partije socijalista i nastavlja razvoj Bara\u201d, poru\u010dio je Elvir Zvrko, kandidat za potpredsjednika DPS-a,&hellip;<\/p>\n","protected":false},"author":2,"featured_media":678,"comment_status":"open","ping_status":"open","sticky":false,"template":"","format":"standard","meta":{"footnotes":""},"categories":[1],"tags":[],"_links":{"self":[{"href":"https:\/\/mozemobolje.me\/index.php\/wp-json\/wp\/v2\/posts\/676"}],"collection":[{"href":"https:\/\/mozemobolje.me\/index.php\/wp-json\/wp\/v2\/posts"}],"about":[{"href":"https:\/\/mozemobolje.me\/index.php\/wp-json\/wp\/v2\/types\/post"}],"author":[{"embeddable":true,"href":"https:\/\/mozemobolje.me\/index.php\/wp-json\/wp\/v2\/users\/2"}],"replies":[{"embeddable":true,"href":"https:\/\/mozemobolje.me\/index.php\/wp-json\/wp\/v2\/comments?post=676"}],"version-history":[{"count":1,"href":"https:\/\/mozemobolje.me\/index.php\/wp-json\/wp\/v2\/posts\/676\/revisions"}],"predecessor-version":[{"id":679,"href":"https:\/\/mozemobolje.me\/index.php\/wp-json\/wp\/v2\/posts\/676\/revisions\/679"}],"wp:featuredmedia":[{"embeddable":true,"href":"https:\/\/mozemobolje.me\/index.php\/wp-json\/wp\/v2\/media\/678"}],"wp:attachment":[{"href":"https:\/\/mozemobolje.me\/index.php\/wp-json\/wp\/v2\/media?parent=676"}],"wp:term":[{"taxonomy":"category","embeddable":true,"href":"https:\/\/mozemobolje.me\/index.php\/wp-json\/wp\/v2\/categories?post=676"},{"taxonomy":"post_tag","embeddable":true,"href":"https:\/\/mozemobolje.me\/index.php\/wp-json\/wp\/v2\/tags?post=676"}],"curies":[{"name":"wp","href":"https:\/\/api.w.org\/{rel}","templated":true}]}}