{"id":683,"date":"2024-01-22T23:08:55","date_gmt":"2024-01-22T23:08:55","guid":{"rendered":"https:\/\/mozemobolje.me\/?p=683"},"modified":"2024-01-22T23:08:56","modified_gmt":"2024-01-22T23:08:56","slug":"odrzana-tribina-u-danilovgradu-dps-je-velika-partija-jer-umije-da-se-rehabilituje-da-se-izvini-za-greske-i-pokaze-hrabrost-kada-je-potrebno","status":"publish","type":"post","link":"https:\/\/mozemobolje.me\/index.php\/2024\/01\/22\/odrzana-tribina-u-danilovgradu-dps-je-velika-partija-jer-umije-da-se-rehabilituje-da-se-izvini-za-greske-i-pokaze-hrabrost-kada-je-potrebno\/","title":{"rendered":"Odr\u017eana tribina u Danilovgradu: DPS je velika partija jer umije da se rehabilituje, da se izvini za gre\u0161ke i poka\u017ee hrabrost kada je potrebno"},"content":{"rendered":"\n<p>\u201cZnao je Danilovgrad kroz istoriju uvijek biti na pravoj strani, ali isto tako ono \u0161to nas \u010dini posebno sre\u0107nim jeste \u010dinjenica da je ovaj grad uvijek bio temelj savremene, moderne i antifa\u0161isti\u010dke Crne Gore. Upravo na tim temeljima po\u010diva Crna Gora koju mi predstavljamo i koju gradimo\u201d, poru\u010dio je Du\u0161an Rai\u010devi\u0107, kandidat za potpredsjednika DPS-a, na ve\u010deras odr\u017eanoj tribini u Danilovgradu i dodaju\u0107i da je prethodnih vi\u0161e od desetak dana partija u komunikaciji sa predstavnicima op\u0161tinskih odbora i svojim \u010dlanstvom bila prvo na sjeveru, a onda na jugu Crne Gore, te da su imali priliku da u\u017eivaju u, kako je opisao, sjajnoj atmosferi i pozitivnoj energiji.<\/p>\n\n\n\n<p>Ukazao je da je kampanja za partijske izbore i posjete brojnim op\u0161tinama \u0161irom Crne Gore bila prilika da se u razgovorima sa kolegama sa sjevera i juga napravi rezime svega onoga \u0161to je situacija u dr\u017eavi u prethodne tri godine.<\/p>\n\n\n\n<p>\u201cCrna Gora je na stranputici i suo\u010dava se sa sve prisutnim populizmom koji je zahvatio sve gradove, me\u0111u njima i Danilovgrad. Ono \u0161to nas posebno zabrinjava, a to sa punim pravom mogu re\u0107i ovdje \u2013 to je pojava nacionalizma koji se emituje i u javnom diskursu i na svim mjestima gdje se kre\u0107emo. Zbog svega toga, ovo je prilika da iz Danilovgrada po\u0161aljemo jaku poruku da \u0107emo se sa tim nacionalistima, koji su sveprisutni, znati da se izborimo, jer gra\u0111anska Crna Gora nema alternativu, a to vi u Danilovgradu najbolje znate\u201d, rekao je Du\u0161an Rai\u010devi\u0107.<\/p>\n\n\n\n<p>Okupljenim \u010dlanovima DPS u Danilovgradu koji su prisustvovali doga\u0111aju u sklopu kampanje povodom strana\u010dkih izbora obratio se i kandidat za potpredsjednika DPS, Abaz Dizdarevi\u0107, koji se svima njima zahvalio na velikom odzivu, te konstatovao da njihovo tako brojno prisustvo ukazuje da \u0107e DPS u skoroj budu\u0107nosti preuzeti odgovornost i ubrzo ponovo Crnu Goru izvesti na ispravan put.<\/p>\n\n\n\n<p>\u201cNakon sjevera i juga, sad obilazimo centralni region, i jedan je utisak klju\u010dan \u2013 da Crna Gora lagano ali sigurno ulazi u zonu regresije. Ili \u0161to bi Britanci rekli \u2013 povratka u pro\u0161lost. Tako smo od gra\u0111anske dr\u017eave koju smo stvarali, do\u0161li do dru\u0161tva srednjeg vijeka. Tako\u0111e, jako je prisutna i klerikalziacija\u201d, saop\u0161tio je Dizdarevi\u0107.<\/p>\n\n\n\n<p>On je kazao da \u0107e se DPS izboriti sa opasnostima na koje je sam ukazao.<\/p>\n\n\n\n<p>\u201cKo \u0107e se izboriti sa svim tim, ako ne mi koji smo se i devedesetih znali izboriti za prave vrijednosti. Imali smo prilike da se susretnemo sa na\u0161im \u010dlanstvom i u Beranama i u Andrijevici i u Pljevljima, i vidjeli smo jednu sumornu sliku tih sredina odakle se \u0161alju \u0161ovinisti\u010dke poruke koje se nijesu slale \u010dak ni devedesetih godina\u201d, rekao je Dizdarevi\u0107 a potom i dodao:<\/p>\n\n\n\n<p>\u201cMoramo iza\u0107i iz ovog mraka nacionalizma. Mi se nalazimo i u medijskom mraku ve\u0107 pune \u010detiri godine, jer nemamo mogu\u0107nost da na adekvatan na\u010din prezentujemo \u0161ta je to na\u0161a poltiika. Ali ohrabruju\u0107e je vidjeti \u0161to na svakoj do sada odr\u017eanoj tribini imamo toliko zainteresovano \u010dlanstvo, \u0161to zna\u010di da \u0107emo nastaviti da se kre\u0107emo dobrim putem.\u201d<\/p>\n\n\n\n<p>On je rekao da je danas politika DPS-a na najve\u0107em isku\u0161enju a onda i naveo argumente.<\/p>\n\n\n\n<p>\u201cPo\u010dev\u0161i od obnove nezavisnosti kojoj su manjine dale veliki doprinos. Ugro\u017een je put prema EU, ugro\u017eeni su ekonomski parametri, rastjerani su investitori. Ova sumorna slika seli se i u institucije sistema. Vidjeli ste i va\u0161eg sugra\u0111anina, poslanika Dragovi\u0107a. To se nije de\u0161avalo u istoriji crnogorskog parlamentarizma. Takve \u0161ovinisti\u010dke opasne izjave kao \u0161to je poruka koju je poslanik Dragovi\u0107 uputio poslaniku Oskaru Huteru nikad nijesu iza\u0161le iz usta poslanika\u201d, kazao je Dizdarevi\u0107 a zatim zaklju\u010dio:<\/p>\n\n\n\n<p>\u201cZa\u0161titi\u0107emo se u to sam uvjeren. I Oskara, i Abaza, i Elvira, i sve ljude koji podjednako vole Crnu Goru, i koji ne priznaju da bilo ko drugi mo\u017ee vi\u0161e voljeti ovu zemlju od nas!\u201d<\/p>\n\n\n\n<p>Na strana\u010dkoj tribini govorio je i Elvir Zvrko, koji je tako\u0111e kandidat za potpredsjednika partije, i koji je odmah na po\u010detku istakao da mu pripada velika \u010dast i zadovoljstvo \u0161to mo\u017ee da se obrati, te da mu je posebna privilegija \u0161to ima priliku da govori pred tako ispunjenom salom.<br>\u201cOno \u0161to nas povezuje jeste budu\u0107nost DPS i Crne Gore, jer je budu\u0107nost na\u0161e dr\u017eave neraskidivo vezana uz na\u0161u partiju. Zato \u017eelim da vam se zahvalim na vremenu koje ste odvojili da budemo zajedno da govorimo o budu\u0107nosti partije i dr\u017eave. Obi\u0161li smo dvadesetak op\u0161tinskih odbora, me\u0111utim ovako topao do\u010dek i draga lica koja sam vidio me tjeraju da se vratim malo vi\u0161e na li\u010dno u odnosu na ostale skupove\u201d, istakao je Zvrko.<\/p>\n\n\n\n<p>On je u nastavku svog obra\u0107anja ukazao na ono \u0161to je snaga partije \u010diji je \u010dlan i kandidat za potpredsjednika.<\/p>\n\n\n\n<p>\u201cSnaga DPS su ljudi, a meni je posebno drago \u0161to je ve\u010deras me\u0111u nama moj prvi direktor u Klini\u010dkom centru, dr Mi\u0161ko \u0110urovi\u0107, koji je od prvih dana bio velika podr\u0161ka i neko ko me je 2003. godine podr\u017eao da dobijem stipendiju za \u0160vajcarsku. To su ljudi u DPS-u koji vide \u0161ire i dalje. Moram da pomenem i dragu moju direktoricu Zoricu Kova\u010devi\u0107, koja je imala povjerenje da me 2018. godine postavi za na\u010delnika Klinike za ORL, iako smo se veoma povr\u0161no poznavali, i na tome sam joj zahvalan. A opet moram da pomenem i da me je tre\u0107i moj direktor najavio ve\u010deras\u201d, ukazao je Zvrko a potom i obrasnio zbog \u010dega je posebno spomenuo ove ljude.<\/p>\n\n\n\n<p>\u201cOvo su ljudi koji su simbol politike DPS ne samo u Danilovgradu, nego i \u0161ire. Zato je DPS bio taj koji je imao viziju za razvoj Danilovgrada i zato se mijenjala perspektiva ovog grada. Zato su ovdje uklanjane biznis barijere, otvarana nova radna mjesta, zato je danas Danilovgrad bulevarom povezan sa Podgoricom\u201d, saop\u0161tio je Zvrko.<\/p>\n\n\n\n<p>Na kraju svog govora osvrnuo se i na svoj utisak posjete ostalim gradovima kroz ovu strana\u010dku kampanju.<\/p>\n\n\n\n<p>\u201cObi\u0161li smo gradove u kojima su nekoliko mandata na vlasti na\u0161i neistomi\u0161ljenici. To su gradovi koji spavaju. U njima su zaustavljeni projekti poput valorizacije Bjelasice, \u0110alovi\u0107a pe\u0107ine i brojnih drugih. To su projekti koji bi promijenili perspektivu \u017eivota na sjeveru Crne Gore. Da se to ne bi de\u0161avalo i da Danilovgrad ne bi dugo spavao, mora se u\u010diniti promjena i moramo mi do\u0107i na vlast i na lokalnom i na dr\u017eavnom nivou. Budite sigurni, jedino DPS ima snagu da preokrene situaciju u Crnoj Gori\u201d, zaklju\u010dio je Elvir Zvrko.<\/p>\n\n\n\n<p>Naredni govornik na tribini u Danilovgradu bio je kandidat za potpredsjednika partije Ivan Vukovi\u0107 koji je, kao i njegovi prethodnici za govornicom, zahvalio okupljenim \u010dlanovima na prisustvu ve\u010dera\u0161njoj tribini i koji je tom prilikom posebno apostrofirao prisustvo ljudi razli\u010dith generacija.<\/p>\n\n\n\n<p>\u201cBez obzira na razlike u godinama, vjernost, lojalnost i nepokolebljiva pripadnost na\u0161oj partiji, vi\u0161e je nego o\u010digledna. To svjedo\u010di o tome da one vrijednosti na kojima po\u010diva na\u0161a politika traju kroz vrijeme ovdje u Danilovgradu, kao i \u010dinjenici da se opirete ovim dru\u0161tvenim promjenama koje nam se poku\u0161avaju nametnuti. Za sve nas, ljude koji nosimo najve\u0107u odgovornost za realizaciju na\u0161e politike, to zna\u010di mnogo. Ja vjerujem da je to tako jer smo svi ponosni na to \u0161to pripadamo partiji koja je uvijek bila prepoznata po kvalitetu politi\u010dke ponude\u201d, rekao je Vukovi\u0107.<br>On je konstatovao da je DPS u posljednjih 25 godina uvijek bio dru\u0161tveno-politi\u010dka avangarda i jedna struktura koja se odlikovala kvalitetom ponude.<\/p>\n\n\n\n<p>\u201cPod tim mislim na one vrijednosti koje ba\u0161tinimo kao partija i koje poku\u0161avamo da promovi\u0161emo i branimo od onih kojima te vrijednosti nijesu bliske. Za DPS se vezuju vrijednosti multietni\u010dke, gra\u0111anske, antifa\u0161isti\u010dke, sekularne i evropske Crne Gore. Ja mislim da ni u Bijelom Bolju ni u Danilovgradu nijedna druga Crna Gora nema istorijsko utemeljenje, niti ima budu\u0107nost i perspektivu. Samo pogledajmo istorijat ovog kraja. Ako znamo po kome ovaj grad nosi ime, ako se sjetimo i Martini\u0107a i Lazina, onda jedino ta Crna Gora u ovom ambijentu ima smisla\u201d, jasan je u svom stavu Vukovi\u0107.<\/p>\n\n\n\n<p>On je na kraju kazao da je kao poslanik DPS ponosan, ali ne i naivan, kad slu\u0161a one koji su se opirali svim uspjesima Crne Gore, kako su do\u0161li na platformu na kojoj je DPS starosjedilac.<\/p>\n\n\n\n<p>\u201cDanas su oni ponosni \u0161to su visoki dr\u017eavni funkcioneri nezavisne Crne Gore, i to je na\u0161a pobjeda. Kao i kada poku\u0161avaju da ka\u017eu i doma\u0107oj i me\u0111unarodnoj javnosti kako su oni ve\u0107i evropejci od nas, pa su do\u0161li na na\u0161e pozicije\u201d, zaklju\u010dio je Ivan Vukovi\u0107.<\/p>\n\n\n\n<p>Okupljene \u010dlanove partije u Danilovgradu pozdravila je i kandidatkinja za potpredsjednicu Aleksandra Vukovi\u0107-Ku\u010d, koja je kazala da je mislila da \u0107e je svi ovdje prisutni osuditi zbog njenog odsustva na prethodnim tribinama.<\/p>\n\n\n\n<p>\u201cNikad nijesam vjerovala da jedna uloga, u ovom slu\u010daju maj\u010dinstvo, mo\u017ee mene u\u010diniti odsutnom iz Crne Gore, ali sam pratila ovu kampanju i bila ponosna na nju, rad i zajedni\u0161tvo Demokratske partije socijalista\u201d, rekla je Vukovi\u0107-Ku\u010d na po\u010detku svog obra\u0107anja.<br>U nastavku svog izlaganja, okupljene je podsjetila na jednog, kako je ocijenila, velikog Danilovgra\u0111anin, Veljka Radovi\u0107a, za kojeg ka\u017ee da je jedan od najve\u0107ih satiri\u010dara i humorista.<\/p>\n\n\n\n<p>\u201cMislim da bi Veljko Radovi\u0107 da je gledao u Darka Dragovi\u0107a kazao: \u201cGledam ove nakazne prenose iz Skup\u0161tine i nasmijem se \u010desto. Kakvi su to likovi, kao da su iza\u0161li iz literature Gogolja, kakve su to li\u010dnosti\u201d, kazala je Vukovi\u0107-Ku\u010d.<\/p>\n\n\n\n<p>\u201cVama iz Danilovgrada je svima jasno, jer je Danilovgrad imao ljude poput predsjednika Skup\u0161tine koji je dolazio iz redova Komunisti\u010dke partije \u010dija smo nasljednica. To je bio Veljko Milatovi\u0107 koji se, sigurna sam, a Sonja to zna koja je tako\u0111e iz Vini\u0107a kao njen \u0111ed, duboko i trajno iz svog groba suprotstavlja svome i prezime pandanu, dana\u0161njem predsjedniku dr\u017eave Jakovu Milatovi\u0107u\u201d, rekla je kandidatkinja za potpredsjednicu DPS-a.<\/p>\n\n\n\n<p>Ona je konstatovala da sve \u0161to je navela su velike suprotnosti, te da smatra da ovo \u0161to se sada de\u0161ava pokazuje odakle je DPS nikao, te da nikako ne pravimo otklon iz \u0161injela iz kog smo izmilili i da \u017eelimo da trajemo na onim vrijednostima iz kog smo iznikli a to je \u2013 antifa\u0161izam.<\/p>\n\n\n\n<p>\u201cTo je neuni\u0161tivo i to musavi provincijski politi\u010dari ne mogu uni\u0161ititi\u201d, dodala je Vukovi\u0107-Ku\u010d.<\/p>\n\n\n\n<p>Ona je na kraju svog izlaganja, Danilovgra\u0111anke i Danilovgra\u0111ane podsjetila na Svetog Petra Cetinjskog, koji je u momentu kad Amerikanci imaju Ustav, kreirao Stegu koja je imala samo 6 \u010dlanova, a potom i objasnila zbog \u010dega o tome govori.<\/p>\n\n\n\n<p>\u201cOvo govorim jer DPS koji dugo traje je ustvari partija koja je u najboljim godinama, koji danas kad ima 32 godine i koji je imao svega 15 godina kad je u\u0161ao u proces referenduma i koji je svoje punoljetstvo sticao \u0161to se odricao lo\u0161ih politika i gradio sebe na bolje. Ono \u0161to DPS \u010dini velikom partijom jeste sposobnost da se rehabilituje. Da se izvinimo na mjestima \u0111e smo pravili gre\u0161ke, te da imamo sposobnost da poka\u017eemo hrabrost poput ove i u\u0111emo u ovakve jedne izbore\u201d, zaklju\u010dila je Aleksandra Vukovi\u0107-Ku\u010d.<\/p>\n\n\n\n<p>Na tribini u Danilovgradu u svojstvu kandidata za potpredsjednika DPS-a govorio je i Jevto Erakovi\u0107 koji je kazao da ga uvijek obuzme posebna emocija kada se nalazi u ovom gradu, kako zbog velikog broja prijatelja koji ovdje \u017eive tako i zbog sli\u010dnog kom\u0161ijskog mentaliteta koji je, kako je naveo, uvijek vladao izme\u0111u Danilovgrada i Nik\u0161i\u0107a.<\/p>\n\n\n\n<p>\u201cOvdje su se uvijek donosile mudre odluke, uvijek je dominirala antifa\u0161isti\u010dka ideja i sve ono \u0161to je krasilo politiku DPS-a. Ovo je grad koji se razvojao i koji je u pravom smislu rije\u010di bio pokazatelj kojim putem treba da ide Crna Gora. Ovdje su otvorene mogu\u0107nosti za mnoge investitore, kao i mlade ljude da poka\u017eu svoje kvalitete, i siguran sam da nema nijednog grada koji je imao toliko potencijala u mladim ljudima \u0161to se pokazuje i danas u ovim te\u0161kim vrrmenima. Sve to je i najve\u0107i kvaliteta Danilovgrada danas\u201d, rekao je Erakovi\u0107.<\/p>\n\n\n\n<p>On je kazao da se u prethodnom periodu dobro radilo, da se napradovalo na svim poljima, sve do 2020. godine kada je, kako je istakao, krenilo da pada povjerenje u politiku DPS-a, kada je ta partija gubila izbore jedne za drugim, i kada je, kako je dodao, polako po\u010dela da se javlja sumnja da li DPS mo\u017ee opet da se vrati na vlast.<\/p>\n\n\n\n<p>\u201cBilo je samovolje i gre\u0161aka, bilo je i nekih poteza koji nijesi bili toliko popularni, ali ono \u0161to je osnovni problem Danilovgrada i drugih sredina u Crnoj Gori jeste \u2013 \u0161to nijesmo bili jedinstveni kada je trebalo boriti se sa protivnikom koji se ujedinio protiv nas. To je ono \u0161to nas je dovelo do serije lo\u0161ih rezultata\u201d, ukazao je na taj stav Erakovi\u0107, ali i dodao da je siguran u, kako je opisao, mudre bjelopavli\u0107ke glave i snagu partije.<\/p>\n\n\n\n<p>Saop\u0161tio je da nacionalizam jedan od velikih izazova sa kojima se suo\u010dava dana\u0161nja Crna Gora.<\/p>\n\n\n\n<p>\u201cTo je jedini teren na kom mogu da profitiraju samo oni koji nemaju ni li\u010dno, ni profesionalno utemeljenje, zato probaju da probude krvave devedesete. Zato sa ovog mjesta, gdje je uvijek vladala gra\u0111anska i antifa\u0161isti\u010dka ideja, i onom Dragovi\u0107u poru\u010dujemo: \u201cSram te bilo\u201d, i Bojovi\u0107ima \u2013 \u201cSram vas bilo\u201d, i da poru\u010dimo svim onima koji siju podjele u Crnoj Gori: \u201c\u017delja \u0107e vas biti\u201d, jasno je poru\u010dio Erakovi\u0107.<\/p>\n\n\n\n<p>Na samom kraju svog izlaganja on je poslao poruku i, kako ih je nazvao, \u201cpopulistima\u201d.<\/p>\n\n\n\n<p>\u201cOvim populistima koji su do ju\u010de bili vode\u0107a snaga moramo poru\u010diti da su ih ljudi pro\u010ditali, da vi\u0161e na la\u017enim obe\u0107anjima i floskulama se ne mo\u017ee voditi politika. Ono \u0161to je izvjesno i \u0161to im poru\u010dujem: \u201cSat je po\u010deo da vam otkucava\u201d, a onima koji su bili zavedeni odre\u0111enim idejama proru\u010dujemo da izaberu pravu stranu, stranu evropske Crne Gore\u201d, zaklju\u010dio je Jevto Erakovi\u0107.<\/p>\n\n\n\n<p><strong>Demokratska partija socijalista Crne Gore<\/strong><\/p>\n","protected":false},"excerpt":{"rendered":"<p>\u201cZnao je Danilovgrad kroz istoriju uvijek biti na pravoj strani, ali isto tako ono \u0161to nas \u010dini posebno sre\u0107nim jeste \u010dinjenica da je ovaj grad uvijek bio temelj savremene, moderne i antifa\u0161isti\u010dke Crne Gore. Upravo na tim temeljima po\u010diva Crna Gora koju mi predstavljamo i koju gradimo\u201d, poru\u010dio je Du\u0161an Rai\u010devi\u0107, kandidat za potpredsjednika DPS-a,&hellip;<\/p>\n","protected":false},"author":2,"featured_media":684,"comment_status":"open","ping_status":"open","sticky":false,"template":"","format":"standard","meta":{"footnotes":""},"categories":[1],"tags":[],"_links":{"self":[{"href":"https:\/\/mozemobolje.me\/index.php\/wp-json\/wp\/v2\/posts\/683"}],"collection":[{"href":"https:\/\/mozemobolje.me\/index.php\/wp-json\/wp\/v2\/posts"}],"about":[{"href":"https:\/\/mozemobolje.me\/index.php\/wp-json\/wp\/v2\/types\/post"}],"author":[{"embeddable":true,"href":"https:\/\/mozemobolje.me\/index.php\/wp-json\/wp\/v2\/users\/2"}],"replies":[{"embeddable":true,"href":"https:\/\/mozemobolje.me\/index.php\/wp-json\/wp\/v2\/comments?post=683"}],"version-history":[{"count":1,"href":"https:\/\/mozemobolje.me\/index.php\/wp-json\/wp\/v2\/posts\/683\/revisions"}],"predecessor-version":[{"id":685,"href":"https:\/\/mozemobolje.me\/index.php\/wp-json\/wp\/v2\/posts\/683\/revisions\/685"}],"wp:featuredmedia":[{"embeddable":true,"href":"https:\/\/mozemobolje.me\/index.php\/wp-json\/wp\/v2\/media\/684"}],"wp:attachment":[{"href":"https:\/\/mozemobolje.me\/index.php\/wp-json\/wp\/v2\/media?parent=683"}],"wp:term":[{"taxonomy":"category","embeddable":true,"href":"https:\/\/mozemobolje.me\/index.php\/wp-json\/wp\/v2\/categories?post=683"},{"taxonomy":"post_tag","embeddable":true,"href":"https:\/\/mozemobolje.me\/index.php\/wp-json\/wp\/v2\/tags?post=683"}],"curies":[{"name":"wp","href":"https:\/\/api.w.org\/{rel}","templated":true}]}}