{"id":692,"date":"2024-01-23T19:38:20","date_gmt":"2024-01-23T19:38:20","guid":{"rendered":"https:\/\/mozemobolje.me\/?p=692"},"modified":"2024-01-23T19:38:20","modified_gmt":"2024-01-23T19:38:20","slug":"zivkovic-u-danilovgradu-dps-ce-preuzeti-odgovornost-za-odrziv-razvoj-crne-gore-i-njenu-buducnost","status":"publish","type":"post","link":"https:\/\/mozemobolje.me\/index.php\/2024\/01\/23\/zivkovic-u-danilovgradu-dps-ce-preuzeti-odgovornost-za-odrziv-razvoj-crne-gore-i-njenu-buducnost\/","title":{"rendered":"\u017divkovi\u0107 u Danilovgradu: DPS \u0107e preuzeti odgovornost za odr\u017eiv razvoj Crne Gore i njenu budu\u0107nost"},"content":{"rendered":"\n<p>Na populizmu se mo\u017ee vladati neko vrijeme, ali ne mo\u017ee sve vrijeme. Lo\u0161a vlast ne mo\u017ee dugo trajati i to su nam pokazale vlade u prethodne tri godine, kazao je kandidat za predsjednika Demokratske partije socijalista Danijel \u017divkovi\u0107 na skupu u Danilovgradu.<\/p>\n\n\n\n<p>\u201eNe\u0107e niko voditi ra\u010duna o razvoju Crne Gore nego mi. Osna\u017eimo na\u0161u partiju. Nije su\u0161tina samo kadrovsko osvje\u017eenje partije ve\u0107 kroz to i reorganizacija koja \u0107e nas na nivou Crne Gore vratiti na sistem rada koji smo imali: razgovor, razumijevanje za probleme gra\u0111ana, posve\u0107enost i odgovornost\u201c, kazao je \u017divkovi\u0107.<\/p>\n\n\n\n<p>On je pozvao mlade da zajedno grade budu\u0107nost, da se anga\u017euju i oblikuju promjene za bolje sjutra. Istinska briga o razvoju Crne Gore, istakao je on, le\u017ei u rukama DPS-a: \u201eMi smo ti koji \u0107e preuzeti odgovornost za njenu budu\u0107nost\u201d.<\/p>\n\n\n\n<p>\u017divkovi\u0107 je kazao da samo zajedni\u010dkim radom, razumijevanjem i odgovorno\u0161\u0107u mo\u017eemo izgraditi sna\u017eniju, stabilniju i prosperitetniju Crnu Goru.<\/p>\n\n\n\n<p>\u201cZajedni\u0161tvo je klju\u010dni element koji nas vodi ka ostvarenju zajedni\u010dkih ciljeva. Da bismo napredovali kao partija i kao dru\u0161tvo, neophodno je da ostavimo li\u010dne sujete po strani i usmjerimo se ka ve\u0107em dobru. Zajedni\u010dkim snagama i uzajamnim po\u0161tovanjem, mo\u017eemo prevazi\u0107i svaku prepreku i izgraditi sna\u017eniju, pravedniju i prosperitetniju budu\u0107nost za sve nas\u201d, rekao je \u017divkovi\u0107.<\/p>\n\n\n\n<p><strong>Danijel \u017divkovi\u0107, v.d. predsjednika DPS Crne Gore<\/strong><\/p>\n","protected":false},"excerpt":{"rendered":"<p>Na populizmu se mo\u017ee vladati neko vrijeme, ali ne mo\u017ee sve vrijeme. Lo\u0161a vlast ne mo\u017ee dugo trajati i to su nam pokazale vlade u prethodne tri godine, kazao je kandidat za predsjednika Demokratske partije socijalista Danijel \u017divkovi\u0107 na skupu u Danilovgradu. \u201eNe\u0107e niko voditi ra\u010duna o razvoju Crne Gore nego mi. Osna\u017eimo na\u0161u partiju.&hellip;<\/p>\n","protected":false},"author":2,"featured_media":693,"comment_status":"open","ping_status":"open","sticky":false,"template":"","format":"standard","meta":{"footnotes":""},"categories":[1],"tags":[],"_links":{"self":[{"href":"https:\/\/mozemobolje.me\/index.php\/wp-json\/wp\/v2\/posts\/692"}],"collection":[{"href":"https:\/\/mozemobolje.me\/index.php\/wp-json\/wp\/v2\/posts"}],"about":[{"href":"https:\/\/mozemobolje.me\/index.php\/wp-json\/wp\/v2\/types\/post"}],"author":[{"embeddable":true,"href":"https:\/\/mozemobolje.me\/index.php\/wp-json\/wp\/v2\/users\/2"}],"replies":[{"embeddable":true,"href":"https:\/\/mozemobolje.me\/index.php\/wp-json\/wp\/v2\/comments?post=692"}],"version-history":[{"count":1,"href":"https:\/\/mozemobolje.me\/index.php\/wp-json\/wp\/v2\/posts\/692\/revisions"}],"predecessor-version":[{"id":694,"href":"https:\/\/mozemobolje.me\/index.php\/wp-json\/wp\/v2\/posts\/692\/revisions\/694"}],"wp:featuredmedia":[{"embeddable":true,"href":"https:\/\/mozemobolje.me\/index.php\/wp-json\/wp\/v2\/media\/693"}],"wp:attachment":[{"href":"https:\/\/mozemobolje.me\/index.php\/wp-json\/wp\/v2\/media?parent=692"}],"wp:term":[{"taxonomy":"category","embeddable":true,"href":"https:\/\/mozemobolje.me\/index.php\/wp-json\/wp\/v2\/categories?post=692"},{"taxonomy":"post_tag","embeddable":true,"href":"https:\/\/mozemobolje.me\/index.php\/wp-json\/wp\/v2\/tags?post=692"}],"curies":[{"name":"wp","href":"https:\/\/api.w.org\/{rel}","templated":true}]}}