{"id":695,"date":"2024-01-23T19:39:07","date_gmt":"2024-01-23T19:39:07","guid":{"rendered":"https:\/\/mozemobolje.me\/?p=695"},"modified":"2024-01-23T19:39:08","modified_gmt":"2024-01-23T19:39:08","slug":"odrzana-tribina-u-zeti-veoma-smo-ohrabreni-onim-sto-smo-vidjeli-na-terenu-istrajnost-odlucnost-i-stamenost-nasih-clanova-je-impresivna","status":"publish","type":"post","link":"https:\/\/mozemobolje.me\/index.php\/2024\/01\/23\/odrzana-tribina-u-zeti-veoma-smo-ohrabreni-onim-sto-smo-vidjeli-na-terenu-istrajnost-odlucnost-i-stamenost-nasih-clanova-je-impresivna\/","title":{"rendered":"Odr\u017eana tribina u Zeti: Veoma smo ohrabreni onim \u0161to smo vidjeli na terenu, istrajnost, odlu\u010dnost i stamenost na\u0161ih \u010dlanova je impresivna"},"content":{"rendered":"\n<p>\u201cZeta je targetirana kao sredina koja se nalazi pod pritiskom nacionalizma, sredina gdje se poku\u0161avaju napraviti ogromne razlike me\u0111u kulturama, narodima i vjerama kako bi se uru\u0161ila gra\u0111anska Crna Gora. Ipak, siguran sam da ovo zetsko tlo ne\u0107e biti plodno za velikosrpski nacionalizam i da \u0107e se te iluzije maksimalno raspr\u0161iti\u201d, poru\u010dio je Jevto Erakovi\u0107 kandidat za potpredsjednika DPS-a, na ve\u010deras odr\u017eanoj tribini u Zeti.<\/p>\n\n\n\n<p>On se obratio okupljenim \u010dlanovima DPS-a, u Zeti koji su prisustvovali doga\u0111aju u sklopu kampanje povodom unutarstrana\u010dkih izbora i rekao da je veoma svjestan koliko je iz ovog podru\u010dja te\u0161ko braniti Crnu Goru.<\/p>\n\n\n\n<p>\u201cSve ono \u0161to ste uradili za DPS u prethodne tri i po godine treba da vam slu\u017ei na ponos. Ne samo vama, nego i va\u0161im porodicama, jer ste uspjeli da se oduprete svim negativnim idejama i poku\u0161ajima uru\u0161avanja na\u0161e dr\u017eave\u201d, kazao je Erakovi\u0107.<\/p>\n\n\n\n<p>On se potom osvrnuo i na polo\u017eaj partije kojoj pripada i \u010diji je kandidat za mjesto potpredsjednika.<\/p>\n\n\n\n<p>\u201cOvih dana obilazimo Crnu Goru i ovaj ve\u010dera\u0161nji skup pokazuje da se i u Zeti osje\u0107a taj duh povratka DPS-a na one pozicije koje zaslu\u017euje. Djelimi\u010dno i zbog onoga \u0161to smo uradili u prethodnom periodu, a djelimi\u010dno i zbog ovih \u0161teto\u010dina koje uni\u0161tavaju dr\u017eavu iz dana u dan. Moramo ovog puta nau\u010diti da sa\u010duvamo sve one ljude koji su u ovom periodu ostali uz na\u0161u politiku, kao i sve one koji vrijedno rade za na\u0161 povratak na vlast. O svima njima treba da vodimo ra\u010duna, i ne ponavljamo one gre\u0161ke koje smo pravili u prethodnom periodu\u201d, istakao je Jevto Erakovi\u0107.<\/p>\n\n\n\n<p>Na strana\u010dkoj tribini u ovoj op\u0161tini \u010dlanovima partije obratio se i kandidat za potpredsjednika DPS-a, Elvir Zvrko, koji je na po\u010detku svog obra\u0107anja okupljenima zahvalio na istrajnosti, odlu\u010dnosti i stamenosti da, kako je ocijenio, prate politiku DPS i u prethodne tri i po godine.<\/p>\n\n\n\n<p>\u201cNas povezuje Demokratska partija socijalista, povezuje nas Crna Gora. I ono \u0161to je karakteristika \u010dlanova na\u0161e partije jeste da smo mi ponosni i dostojanstveni gdje god se nalazili\u201d, saop\u0161tio je Evrko.<\/p>\n\n\n\n<p>Period od 2020. godine do danas nazvao je \u201cturbulentnim\u201d i dodaju\u0107i da je u tom intervalu partija pro\u0161la mnogo isku\u0161enja.<\/p>\n\n\n\n<p>\u201cVidjeli smo jednu druga\u010diju Crnu Goru, ali se na takvu Crnu Goru ne\u0107emo navikavati. Uru\u0161avaju na\u0161u dr\u017eavu, vode je ka propasti, ali mi smo ti koji smo stamena brana svemu tome. U to moramo da budemo sigurni i uvjereni, i zato je na nama velika odgovornost. Ipak, ono u \u0161ta nemam sumnju, jeste da \u0107e se DPS vratiti na one staze uspjeha kojim se kora\u010dalo ranije, i siguran sam da \u0107e uskoro DPS biti nosilac vlasti kako na lokalnom nivou u Zeti, tako i na dr\u017eavnom\u201d, zaklju\u010dio je svoje obra\u0107anje Elvir Zvrko.<\/p>\n\n\n\n<p>Okupljeno \u010dlanstvo partije u Zeti pozdravila je kandidatkinja za potpredsjednicu DPS-a Aleksandra Vukovi\u0107-Ku\u010d koje je podsjetila prisutne \u010dlanove na rije\u010di aktuelnog predsjednika Republike Srbije.<\/p>\n\n\n\n<p>\u201cKad je onomad predsjednik Srbije Aleksandar Vu\u010di\u0107, otvaraju\u0107i spomenik Stefanu Nemanji rekao da \u201cSrbi imaju prvu dinastiju \u2013 dinastiju Vojislavljevi\u0107\u201d, pokazao je da vrlo dobro zna \u0161ta zna\u010di borba za \u201csrpski svet\u201d. A znaju oni jako dobro da je dinastija Vojislavljevi\u0107 crnogorska, kao \u0161to je i Zeta crnogorska, kao \u0161to je i Duklja crnogorska\u201d, rekla je Vukovi\u0107-Ku\u010d.<\/p>\n\n\n\n<p>\u201cZeta \u2013 kolijevka dr\u017eavnosti i oni se bore za ime Zete, jer znaju da na tom imenu mogu graditi ne svoju politiku nego izigravati i podanike lidera druge dr\u017eave. Vi se danas borite i sa njima i zbog toga je va\u0161a borba ljudska, vrhunska, \u010dovje\u010dna i crnogorska\u201d, dodala je ona.<\/p>\n\n\n\n<p>Ona je zatim podsjetila na \u010dinjenicu da je u periodu Drugog svjetskog rata 220 ljudi iz Zete u\u010destvovalo u antifa\u0161isti\u010dkom poduhvatu.<\/p>\n\n\n\n<p>\u201cDanas je izdajstvo pla\u0107eni\u010dko. Zato mislim da ova grupa ljudi koja je danas u partiji u Zeti zaslu\u017euje posebnu na\u0161u pa\u017enju i pozornost. Na\u0161u zajedni\u010dku borba i va\u0161u znanost koju iskazujete, poka\u017eite i u nedjelju, jer DPS kao emancipatorska partija uvodi tu novinu i omogu\u0107ava da se izjasnite o nama i da se va\u0161 glas \u010duje. Centrala partije ste vi \u2013 i vi birate ko \u0107e biti predsjednik, a ko potpredsjednici na\u0161e partije\u201d, zaklju\u010dila je Aleksandra Vukovi\u0107-Ku\u010d.<\/p>\n\n\n\n<p>U svojstvu kandidata za potpredsjednika DPS-a na strana\u010dkoj tribini u Zeti govorio je i Abaz Dizdarevi\u0107, koji je na po\u010detku svog govora istakao da je privilegija biti u porodici partije kojoj pripada.<\/p>\n\n\n\n<p>\u201cMi smo saborci i drugovi koji su se na\u0161li u nevremenu, ali sam siguran da \u0107emo uspjeti da na\u0111emo put da Crnoj Gori vratimo dostojanstven status koji smo izgubili prije \u010detiri godine. Ovo je prostor meda i krvi i tako cikli\u010dno u krug unazad stolje\u0107ima. Ono \u0161to je bila uloga na\u0161e partije jeste da emacipuje ovaj prostor i ljude koji ovdje \u017eive\u201d, kazao je Dizdarevi\u0107.<\/p>\n\n\n\n<p>U nastavku svog izlaganja ukazao je na svoj stav da je najve\u0107a uloga DPS-a da sa\u010duva mir, kao svojevrsan civilizacijski domet.<\/p>\n\n\n\n<p>\u201cMi \u010desto zaboravljamo da je upravo na\u0161a politika najzaslu\u017enija za o\u010duvanje jednog civilizacijskog dometa kakav je mir. \u010cuvali smo ga i u protekle \u010detiri godine\u201d, istakao je Dizdarevi\u0107.<\/p>\n\n\n\n<p>Rekao je da upravo kroz ovaj na\u010din prezentovanja kandidata za menad\u017ement partije, DPS jo\u0161 jednom ukazuje na svoju emancipatorsku ulogu.<\/p>\n\n\n\n<p>\u201cNeposredno razgovarate sa nama i vi odlu\u010dujete koga \u0107ete delegirati da vodi na\u0161u partiju. I bez obzira za koga se odlu\u010dite, sve su to ljudi od profesionalnog integriteta, koji su ostvareni u svojim bran\u0161ama i koji ne zavise od politike, a koji se bore za ideju multikonfesionalnosti, ideju gra\u0111anske, antifa\u0161isti\u010dke i slobodne Crne Gore\u201d, zaklju\u010dio je Abaz Dizdarevi\u0107.<\/p>\n\n\n\n<p>Na tribini DPS-a u Zeti govorio je i Ivan Vukovi\u0107, koji je tako\u0111e kandidat za potpredsjednika partije i koji je odmah na po\u010detku svog obra\u0107anja sa \u010dlanovima podijelio svoje impesije o kampanji.<\/p>\n\n\n\n<p>\u201cMi smo krenuli u kampanju 10. januara i ve\u0107 smo skoro dvije nedjelje u ovom karavanu. To sjajno iskustvo iza nas po\u010deli smo iz Petnjice i Berana, pa preko sjevera i juga stigli do centralnog regiona. I to govori o promjeni koja se de\u0161ava u DPS-u, o obnavljanju starih dobrih praksi po kojima se na\u0161a partija prepoznavala 25 godina\u201d, rekao je Vukovi\u0107.<\/p>\n\n\n\n<p>On je konstatovao da rad u okviru ove kampanje karakteri\u0161e jedna jako dobra i pozitivna energija.<\/p>\n\n\n\n<p>\u201cSilno smo ohrabreni time \u0161to smo do\u017eivjeli na terenu. Nije nam bio problem da priznamo i gre\u0161ke, jer nekad prosto logika politi\u010dkog procesa radi pritiv vas. Ipak, meni se \u010dini da se stvari u Crnoj Gori mijenjaju i da su nas u tom smislu na\u0161i politi\u010dki protivnici potcijenili poslije 30. avgusta 2020. godine\u201d, saop\u0161tio je Vukovi\u0107.<\/p>\n\n\n\n<p>\u201cOni su smatrali da je sa DPS-om zavr\u0161eno, a oni rijetki koji su imali dilemu, su u to bili apsolutno sigurni onda kad se predsjednik \u0110ukanovic povukao sa \u010dela partije. Ne da nijesmo po\u0161li u politi\u010dku istoriju, nego smo u junu ostvarili repsektabilan rezultat\u201d, istakao je Vukovi\u0107, dodaju\u0107i da je to bila prva opomena njihovim politi\u010dkim oponentima a potom zaklju\u010dio:<\/p>\n\n\n\n<p>\u201cDanas svi oni kad gledaju kako izgleda na\u0161a kampanja, kad vide pune sale, kad vide ovu energiju, kao i od prije neki dan kad vide istra\u017eivanja \u2013 po\u010dinje da vlada panika u njihovim redovima. Razlog ste upravo vi dragi prijatelji, \u010dlanovi i pristalice na\u0161e partije koji \u0161irom Crne Gore stameno i pouzdano stojite iza politike, ideja i vrijednosti DPS-a.\u201d<\/p>\n\n\n\n<p><strong>Demokratska partija socijalista Crne Gore<\/strong><\/p>\n","protected":false},"excerpt":{"rendered":"<p>\u201cZeta je targetirana kao sredina koja se nalazi pod pritiskom nacionalizma, sredina gdje se poku\u0161avaju napraviti ogromne razlike me\u0111u kulturama, narodima i vjerama kako bi se uru\u0161ila gra\u0111anska Crna Gora. Ipak, siguran sam da ovo zetsko tlo ne\u0107e biti plodno za velikosrpski nacionalizam i da \u0107e se te iluzije maksimalno raspr\u0161iti\u201d, poru\u010dio je Jevto Erakovi\u0107&hellip;<\/p>\n","protected":false},"author":2,"featured_media":696,"comment_status":"open","ping_status":"open","sticky":false,"template":"","format":"standard","meta":{"footnotes":""},"categories":[1],"tags":[],"_links":{"self":[{"href":"https:\/\/mozemobolje.me\/index.php\/wp-json\/wp\/v2\/posts\/695"}],"collection":[{"href":"https:\/\/mozemobolje.me\/index.php\/wp-json\/wp\/v2\/posts"}],"about":[{"href":"https:\/\/mozemobolje.me\/index.php\/wp-json\/wp\/v2\/types\/post"}],"author":[{"embeddable":true,"href":"https:\/\/mozemobolje.me\/index.php\/wp-json\/wp\/v2\/users\/2"}],"replies":[{"embeddable":true,"href":"https:\/\/mozemobolje.me\/index.php\/wp-json\/wp\/v2\/comments?post=695"}],"version-history":[{"count":1,"href":"https:\/\/mozemobolje.me\/index.php\/wp-json\/wp\/v2\/posts\/695\/revisions"}],"predecessor-version":[{"id":697,"href":"https:\/\/mozemobolje.me\/index.php\/wp-json\/wp\/v2\/posts\/695\/revisions\/697"}],"wp:featuredmedia":[{"embeddable":true,"href":"https:\/\/mozemobolje.me\/index.php\/wp-json\/wp\/v2\/media\/696"}],"wp:attachment":[{"href":"https:\/\/mozemobolje.me\/index.php\/wp-json\/wp\/v2\/media?parent=695"}],"wp:term":[{"taxonomy":"category","embeddable":true,"href":"https:\/\/mozemobolje.me\/index.php\/wp-json\/wp\/v2\/categories?post=695"},{"taxonomy":"post_tag","embeddable":true,"href":"https:\/\/mozemobolje.me\/index.php\/wp-json\/wp\/v2\/tags?post=695"}],"curies":[{"name":"wp","href":"https:\/\/api.w.org\/{rel}","templated":true}]}}