{"id":709,"date":"2024-01-25T12:45:54","date_gmt":"2024-01-25T12:45:54","guid":{"rendered":"https:\/\/mozemobolje.me\/?p=709"},"modified":"2024-01-25T12:45:55","modified_gmt":"2024-01-25T12:45:55","slug":"odrzana-tribina-dps-na-cetinju-pruzamo-ruku-saradnje-svima-koji-misle-dobro-cetinju-i-crnoj-gori-do-zadnjeg-cemo-braniti-vrijednosti-u-koje-vjerujemo","status":"publish","type":"post","link":"https:\/\/mozemobolje.me\/index.php\/2024\/01\/25\/odrzana-tribina-dps-na-cetinju-pruzamo-ruku-saradnje-svima-koji-misle-dobro-cetinju-i-crnoj-gori-do-zadnjeg-cemo-braniti-vrijednosti-u-koje-vjerujemo\/","title":{"rendered":"Odr\u017eana tribina DPS na Cetinju: Pru\u017eamo ruku saradnje svima koji misle dobro Cetinju i Crnoj Gori, do zadnjeg \u0107emo braniti vrijednosti u koje vjerujemo"},"content":{"rendered":"\n<p>\u201cPred vama svaki zbor mora biti probran jer vi jeste odabrani i probrani jer ste uvijek bili sablja u odbrani Crne Gore. Ovo je mjesto na kojem \u0107e se nakon velike borbe koja slijedi ispaljivati pobjedni\u010dki plotuni. Ali o\u010digledno da onaj najve\u0107i Cetinjanin Dado \u0110uri\u0107 je bio u pravu kad je rekao da \u201cu Crnoj Gori postoji geolo\u0161ki fenomen jer se ona od kad postoji trese\u201c. Ja se nadam da \u0107e potresi, koji prate Crnu Goru od kad je nastala kao dr\u017eava, na Cetinju prestati i da \u0107e Crna Gora postati stabilna a to \u0107e svakako omogu\u0107iti Demokratska partija socijalista, poru\u010dila je Aleksandra Vukovi\u0107-Ku\u010d, kandidatkinja za potpredsjednicu DPS-a, na ve\u010dera\u0161njoj tribini na Cetinju.<\/p>\n\n\n\n<p>Obra\u0107aju\u0107i se okupljenim \u010dlanovima DPS u Prijestonici, koji su prisustvovali doga\u0111aju u sklopu kampanje povodom unutarstrana\u010dkih izbora ona je citirala pjesnika Mladena Lompara: \u201covoj na\u0161oj borbi nema kraja\u201d.<\/p>\n\n\n\n<p>\u201cZato je veoma va\u017eno da se svi uklju\u010dimo u ovaj reformisti\u010dki izborni proces Demokratske partije socijalista, da date svoj glas onima o kojima mislite sve najbolje i koji mogu voditi ovu borbu koja nije nimalo jednostavna. Zato je veoma va\u017eno da nijedan \u010dovjek 28. januara ne izostane iz ovog izbornog procesa kako biste bili na putu sa nama u te\u0161koj borbi koja slijedi\u201d, kazala je Vukovi\u0107-Ku\u010d.<\/p>\n\n\n\n<p>\u010clanstvo partije na Cetinju pozdravio je i kandidat za potpredsjednika DPS-a Elvir Zvrko, koji je saop\u0161tio da mu je izuzetna \u010dast i zadovoljstvo to \u0161to ima priliku da govori pred tolikim brojem prisutnih, te se svim prisutnima srda\u010dno zahvalio na odvojenom vremenu.<\/p>\n\n\n\n<p>\u201cPosebna privilegija i odgovornost je govoriti na Cetinju i pred Cetinjanima. Tokom hiljadugodi\u0161nje istorije Crne Gore, Cetinje je bilo sto\u017eer nezavisnosti, juna\u0161tva i nacionalnog jedinstva u na\u0161oj dr\u017eavi. A ono \u0161to je bilo karakteristi\u010dno za novi period jeste da je Cetinje bilo oslonac i dr\u017eavotvornoj politici koju je predvodila DPS\u201d, istakao je Zvrko.<\/p>\n\n\n\n<p>Ono se potom osvrnuo na svoje utiske o kampanji za partijske izbore, konstatuju\u0107i da je budu\u0107nost Crne Gore i DPS neraskidivo povezana.<\/p>\n\n\n\n<p>\u201cOno \u0161to mogu da prenesem kao svoju impresiju jeste da svuda imamo pune sale i da svuda vlada pozitivna energija. To je ono \u0161to nam je trebalo jer smo od 2020. godine \u017eivjeli ne\u0161to \u0161to smo mislili da ne\u0107emo \u017eivjeti budu\u0107i da su na vlasti do\u0161li oni koji \u017eele da uni\u0161te Crnu Goru i one vrijednosti za koje smo se zajedno borili\u201d, rekao je on.<\/p>\n\n\n\n<p>Ocijenio je da je period od 2020. godine pokazao da neodgovornom politikom sve vrlo brzo mo\u017ee da bude dovedeno u pitanje.<br>\u201cZato moramo biti svjesni ko nam je politi\u010dka konkurencija i biti jedinstveni, sna\u017eni i zajedno pobijediti u te\u0161koj i dugoj borbi koja je pred nama\u201d, zaklju\u010dio je Elvir Zvrko.<\/p>\n\n\n\n<p>Na strana\u010dkoj tribini na Cetinju obratio se i Du\u0161an Rai\u010devi\u0107, koji je tako\u0111e kandidat za potpredsjednika DPS-a i koji je u svom obra\u0107anju okupljenima istakao da je izuzetno prilivegovan \u010dinjenicom da boravi u, kako je opisao, herojskom, di\u010dnom i gospodarskom Cetinju.<\/p>\n\n\n\n<p>\u201c\u017delim da iskoristim ovu priliku i ka\u017eem da je energija koju ve\u010deras ovdje osje\u0107am sjajna, i to je jo\u0161 jedna svojevrsna potreba da ta energija koju osje\u0107amo u svim gradovima jeste ne\u0161to najljep\u0161e \u0161to se de\u0161ava na politi\u010dkoj sceni u Crnoj Gori. Na tome vam posebno hvala\u201d, saop\u0161tio je Rai\u010devi\u0107.<\/p>\n\n\n\n<p>On je kazao da nema previ\u0161e vremena ni prostora za prazne pri\u010de nego da su partiji potrebne odre\u0111ene akcije.<\/p>\n\n\n\n<p>\u201cPotrebna nam je reorganizacija koju najavljuje gospodin \u017divkovi\u0107 i koju ja itekako podr\u017eavam. Ali, isto tako zagovaram da na\u0161 primarni cilj u budu\u0107em djelovanju bude otvaranje dodatnog prostora za stru\u010dne ljude koji \u0107e svoje znanje staviti u svrhu ispunjavanja jedinstvenog cilja, a to je \u2013 da vratimo dostojanstvo \u017eivotu u Crnoj Gori\u201d, kazao je Rai\u010devi\u0107.<\/p>\n\n\n\n<p>Ukazao je da je politika DPS-a uvijek bila razvojna.<\/p>\n\n\n\n<p>\u201cDosta \u010desto smo uspijevali da sprovedemo razvojne politike i to je ono za \u0161ta se moramo izboriti \u2013 za razvoj Crne Gore koji \u0107e dovesti do pove\u0107anja kvaliteta \u017eivota na\u0161ih gra\u0111ana. Zato sam siguran da svi zajedno mo\u017eemo dati doprinos da ovaj proces postavljanja nove organizacije u partiji dovedemo do samog kraja, zbog svih nas i generacija koje dolaze. Zato vas pozivam da uzmete u\u010de\u0161\u0107e u izbornoj trci i glasate 28. januara\u201d, zaklju\u010dio je Du\u0161an Rai\u010devi\u0107.<\/p>\n\n\n\n<p>U svojstvu kandidata za potpredsjednika DPS-a na strana\u010dkoj tribini govorio je i Jevto Erakovi\u0107, koji je prisutno \u010dlanstvo partije na Cetinju oslovio obrazom Crne Gore, dodaju\u0107i da su uvijek bili branik odbrane i slobode na\u0161e dr\u017eave.<\/p>\n\n\n\n<p>\u201cJo\u0161 kao dijete sam zadojen ljubavlju prema Cetinju i Crnoj Gori. Upravo zahvaljuju\u0107i svom porijeklu i susretima na Njegu\u0161ima i Banjima dje su se bratstva Erakovi\u0107a i Popivoda sastajala i dje sam imao priliku da nau\u010dim toliko toga u Crnoj Gori\u201d, kazao je Erakovi\u0107.<\/p>\n\n\n\n<p>U nastavku svog izlaganja on je ocijenio da se dr\u017eava nalazi u te\u0161kom trenutku, te istakao da kad god je bilo te\u0161ko \u2013 dolazilo se u Prijestonici.<\/p>\n\n\n\n<p>\u201cSjetimo se prije 18 godina na\u0161a koalicija je odavde po\u010dela kampanja koja je donijela nezavisnost Crnoj Gori i obe\u0107ala da \u0107e da da sve od sebe da vrati dr\u017eavu Cetinju i Crnogorcima. Tako je i bilo. Cetinje je uvijek bilo lu\u010da slobode koja je tinjala i gorjela. Ne mo\u017eemo se upore\u0111ivati sa di\u010dnim junacima, ali moramo konstatovati da se nalazimo u te\u0161koj situaciji i zato se obra\u0107amo Cetinju, jer \u0111e \u0107emo drugo na\u0107i energiju da pobijedimo ovo zlo i ovaj fa\u0161izam koji vlada u Crnoj Gori\u201d, istakao je Erakovi\u0107.<\/p>\n\n\n\n<p>On je potom ukazao da smo primjer fa\u0161izma vidjeli prije nekoliko dana u Skup\u0161tini Crne Gore, te poslao jasnu poruku:<\/p>\n\n\n\n<p>\u201cPoru\u010dujemo mu i ve\u010deras: dok je Crnogoraca, i Cetinjana, i svih nas ne\u0107e nas niko prebrojavati, nego \u0107e nas slu\u0161ati kako branimo Crnu Goru, jer je ne\u0107emo nikome dati. Ne\u0107e dovijeka ovo zlo vladati i zato poru\u010dujem onom Dragovi\u0107u \u2013 Sram te bilo\u201d, poru\u010dio je Erakovi\u0107, a zatim i zaklju\u010dio:<\/p>\n\n\n\n<p>\u201cZato na\u0161e pobjede moraju po\u010deti sa Cetinja. Bilo mi je zadovoljstvo da vidim i reakciju gradona\u010delnika Cetinja i nadam se da je to pokazatelj nekih novih trendova i nekog novog prirodnog zajedni\u0161tva koje treba da povede Crnu Goru naprijed. Na\u0161a ruka za saradnju je pru\u017eena, kako bi Cetinje izveli na pravi put a potom se i zajedno borili za odbranu onih vrijednosti na kojima na\u0161a dr\u017eava mora po\u010divati.\u201d<\/p>\n\n\n\n<p>Posljednji govornik me\u0111u kandidatima za potpredsjednike na ve\u010deras odr\u017eanoj tribini DPS-a na Cetinju bio je Ivan Vukovi\u0107, koji je svim \u010dlanovima partije zahvalio na prisustvu i u\u010de\u0161\u0107u na ovoj strana\u010dkoj tribini. On je rekao da je Crna Gora sa jednog stabilnog puta 30. avgusta skrenula i do dana\u0161njeg dana se nije vratila.<\/p>\n\n\n\n<p>\u201cImali smo Zdravka Krivokapi\u0107a, pa smo onda do\u017eivjeli ono sve \u0161to smo do\u017evijeli ovdje na Cetinju. Do\u017eivjeli smo da Vlada na\u0161e dr\u017eave organizuje desant na Cetinju i da poku\u0161a da ponizi ovaj grad i ove rodoljube samo zato \u0161to vole Crnu Goru i Prijestonicu. Nedugo zatim smo oborili tu vladu, pa smo dobili novu koja je ispostavi\u0107e se jo\u0161 gora od prethodne. Vladu koja \u0107e ostati upam\u0107ena po sramnom Temeljnom ugovoru sa SPC\u201d, kazao je Vukovi\u0107 na po\u010detku svog obra\u0107anja.<\/p>\n\n\n\n<p>U nastavku podsjetio je i na predsjedni\u010dke izbore koji su odr\u017eani prije ne\u0161to manje od godinu, kada je kandidat DPS bio, kako je sam ocijenio, najbolji kojeg je Crna Gora mogla imati \u2013 Milo \u0110ukanovi\u0107.<\/p>\n\n\n\n<p>\u201cU trenutku posljednih parlamentarnih izbora dobro se sje\u0107am atmosfere na Cetinju i \u0161irom Crne Gore, kada je vrlo mali broj ljudi mislili da \u0107e DPS ostati na nogama. Mislili su da je sa nama gotovo, zapravo da je sa Crnom Gorom zavr\u0161eno jer bore\u0107i se protiv DPS-a \u2013 bore se protiv Crne Gore. Vrlo malo ljudi je vjerovalo da \u0107emo napraviti onakav rezultat i da \u0107emo na po\u010detku 2024. godine biti najja\u0107i politi\u010dki subjekt u Crnoj Gori, ali smo ih sve demantovali\u201d, saop\u0161tio je Vukovi\u0107.<\/p>\n\n\n\n<p>On je zbog svega navedenog zahvalio \u010dlanstvu partije na tome \u0161to se ostali uz DPS i onda kad je bilo najte\u017ee.<\/p>\n\n\n\n<p>\u201cTo je temelj svih budu\u0107ih uspjeha DPS-a. Ostali smo zajedno jer nijesmo zaboravili ko smo i \u0161to smo, jer nijesmo zaboravili svoje pretke, jer nijesmo zaboravili da istoriji dugujemo, jer nijesmo zaboravili da je dana\u0161nja sloboda skupo i \u017eivotima pla\u0107ena. Ta vrsta moralne obaveze \u010dini nas neuni\u0161tivim i nikad i ni pred kim ne\u0107emo saviti ki\u010dmu. I tek \u0107emo se okupljati, i tek \u0107e ih biti strah od DPS-a, i tek \u0107emo im pokazati ko smo i \u0161to smo, i tek \u0107emo im pokazati koliko smo razli\u010diti i bolji od njih\u201d, zaklju\u010dio je Ivan Vukovi\u0107.<\/p>\n\n\n\n<p><strong>Demokratska partija socijalista Crne Gore<\/strong><\/p>\n","protected":false},"excerpt":{"rendered":"<p>\u201cPred vama svaki zbor mora biti probran jer vi jeste odabrani i probrani jer ste uvijek bili sablja u odbrani Crne Gore. Ovo je mjesto na kojem \u0107e se nakon velike borbe koja slijedi ispaljivati pobjedni\u010dki plotuni. Ali o\u010digledno da onaj najve\u0107i Cetinjanin Dado \u0110uri\u0107 je bio u pravu kad je rekao da \u201cu Crnoj&hellip;<\/p>\n","protected":false},"author":2,"featured_media":710,"comment_status":"open","ping_status":"open","sticky":false,"template":"","format":"standard","meta":{"footnotes":""},"categories":[1],"tags":[],"_links":{"self":[{"href":"https:\/\/mozemobolje.me\/index.php\/wp-json\/wp\/v2\/posts\/709"}],"collection":[{"href":"https:\/\/mozemobolje.me\/index.php\/wp-json\/wp\/v2\/posts"}],"about":[{"href":"https:\/\/mozemobolje.me\/index.php\/wp-json\/wp\/v2\/types\/post"}],"author":[{"embeddable":true,"href":"https:\/\/mozemobolje.me\/index.php\/wp-json\/wp\/v2\/users\/2"}],"replies":[{"embeddable":true,"href":"https:\/\/mozemobolje.me\/index.php\/wp-json\/wp\/v2\/comments?post=709"}],"version-history":[{"count":1,"href":"https:\/\/mozemobolje.me\/index.php\/wp-json\/wp\/v2\/posts\/709\/revisions"}],"predecessor-version":[{"id":711,"href":"https:\/\/mozemobolje.me\/index.php\/wp-json\/wp\/v2\/posts\/709\/revisions\/711"}],"wp:featuredmedia":[{"embeddable":true,"href":"https:\/\/mozemobolje.me\/index.php\/wp-json\/wp\/v2\/media\/710"}],"wp:attachment":[{"href":"https:\/\/mozemobolje.me\/index.php\/wp-json\/wp\/v2\/media?parent=709"}],"wp:term":[{"taxonomy":"category","embeddable":true,"href":"https:\/\/mozemobolje.me\/index.php\/wp-json\/wp\/v2\/categories?post=709"},{"taxonomy":"post_tag","embeddable":true,"href":"https:\/\/mozemobolje.me\/index.php\/wp-json\/wp\/v2\/tags?post=709"}],"curies":[{"name":"wp","href":"https:\/\/api.w.org\/{rel}","templated":true}]}}