{"id":715,"date":"2024-01-26T12:32:23","date_gmt":"2024-01-26T12:32:23","guid":{"rendered":"https:\/\/mozemobolje.me\/?p=715"},"modified":"2024-01-26T12:32:24","modified_gmt":"2024-01-26T12:32:24","slug":"odrzana-tribina-dps-u-niksicu-savladacemo-sopstvene-slabosti-i-opet-ce-svanuti-u-crnoj-gori","status":"publish","type":"post","link":"https:\/\/mozemobolje.me\/index.php\/2024\/01\/26\/odrzana-tribina-dps-u-niksicu-savladacemo-sopstvene-slabosti-i-opet-ce-svanuti-u-crnoj-gori\/","title":{"rendered":"Odr\u017eana tribina DPS u Nik\u0161i\u0107u: Savlada\u0107emo sopstvene slabosti i opet \u0107e svanuti u Crnoj Gori"},"content":{"rendered":"\n<p>\u201cSvi\u0107e u Crnoj Gori, a da li \u0107e svanuti zavisi isklju\u010divo od nas. Zavisi od toga da li smo u stanju da savladamo sopstvene slabosti, da li smo u stanju da se radujemo uspjesima onih koji nas predstavljaju u lokalnim i dr\u017eavnom parlamentu, da li smo u stanju da se pona\u0161amo kao \u010dlanovi jedne velike politi\u010dke porodice, da li smo u stanju da interes na\u0161e partije i interes ove dr\u017eave podignemo na pijadestal i da sve drugo podredimo tom interesu. Ako tako bude, mi \u0107emo uspjeti. I ja vam garantujem da se ni ova godina ne\u0107e zavr\u0161iti, a politi\u010dka scena u Crnoj Gori \u0107e izgledati potpuno druga\u010dije\u201d, poru\u010dio je Ivan Vukovi\u0107, kandidat za potpredsjednika DPS-a, na ve\u010dera\u0161njoj tribini u Nik\u0161i\u0107u.<\/p>\n\n\n\n<p>Doga\u0111aj je po\u010deo minutom \u0107utanja povodom smrti glumice i producentkinje Ivane Mrvaljevi\u0107.<\/p>\n\n\n\n<p>Obra\u0107aju\u0107i se okupljenim \u010dlanovima DPS u ovom gradu koji su prisustvovali doga\u0111aju u sklopu kampanje povodom unutarstrana\u010dkih izbora, Vukovi\u0107 je rekao da je posebno sre\u0107an jer vidi da su u sali prisutni \u010dlanovi razli\u010ditih generacija i dobi.<\/p>\n\n\n\n<p>\u201cProveo sam mnogo vremena u Nik\u0161i\u0107u kod svoga \u0111eda od kojeg sam u\u010dio \u0161to zna\u010di biti dobar \u010dovjek, i zato mi je uvijek drago kada se vratim ovom gradu. I nije slu\u010dajno da smo ba\u0161 na dana\u0161nji dan mi ovdje zajedno, jer je na dana\u0161nji dan u Nik\u0161i\u0107u ro\u0111en Sava Kova\u010devi\u0107\u201d, rekao je Vukovi\u0107.<\/p>\n\n\n\n<p>On je saop\u0161tio da nijedan \u010dlan partije ne smije da poklekne jer preko puta njih imaju ljude koji su u protekle tri i po godine pokazali da ne vjeruju u sebe, i da ne znaju \u0161to bi sami sa sobom a da je onda samim tim i logi\u010dno da ne znaju \u0161to bi sa Crnom Gorom.<\/p>\n\n\n\n<p>\u201cTo je svijest koja prebrojava krvna zrnca u Skup\u0161tini Crne Gore, pa ljude dijeli na \u201cautohtone\u201d i one koji to nijesu. To je ona svijest koja je unijela zastavu druge dr\u017eave u kabinet Skup\u0161tine Crne Gore. To je ona svijest koja ide po Cetinju i fotografi\u0161e nadgrobne spomenike na porodi\u010dnim grobnicima na\u0161ih poslanika. To je ona svijest koja je odlu\u010dila da inauguracija aktuelnog predsjednika Crne Gore ne bude na Cetinju nego u Podgorici. To je ona svijest koja se motivi\u0161e kada ode u Beograd i divi se predsjedniku Vu\u010di\u0107u. To je ona svijest koja zna\u010di da ministar sporta ne \u010destita rukometa\u0161ima koji su izginuli na nedavno zavr\u0161enom prvenstvu brane\u0107i \u010dasno boje na\u0161e dr\u017eave\u201d, saop\u0161tio je Vukovi\u0107, a potom zaklju\u010dio:<\/p>\n\n\n\n<p>\u201cNa\u0161a je borba neprestana i dok god traje mi moramo biti kao jedno. Ako budemo slo\u017eni, ako se oslobodimo onih starih navika i mana, osvoji\u0107emo mi opet tu na\u0161u slobodu vrati\u0107emo DPS tamo gdje joj je mjesto kako bi se Nik\u0161i\u0107 vratio tamo gdje mu je mjesto i kako bi se Crne Gora vratila tamo gdje joj je mjesto.\u201d<\/p>\n\n\n\n<p>\u010clanstvo partije u Nik\u0161i\u0107u pozdravio je i kandidat za potpredsjednika DPS-a, Elvir Zvrko, koji je saop\u0161tio da mu pripada posebna privilegija ali i odgovornost to \u0161to ima priliku da govori pred tolikim brojem okupljenih, te se svim prisutnim srda\u010dno zahvalio na odvojenom vremenu.<\/p>\n\n\n\n<p>\u201cOsmijeh Ljuba \u010cupi\u0107a, oni koji su bili operisani ili hakovani jo\u0161 uvijek ne mogu da razumiju ili ne\u0107e da razumiju\u2026 Prkosio je Ljubo fa\u0161izmu, ali ono \u0161to nih boli jeste \u0161to njegov osmijeh i lice i danas zra\u010di slobodom. Me\u0111utim, moramo biti svjesni da fa\u0161izam jo\u0161 uvijek stanuje u Crnoj Gori, te da je kao takav manje ili vi\u0161e prikriven. Zato je oprez neophodan, potreban je otpor i prkos i danas to najbolje zna Nik\u0161i\u0107 koji je dao 45 narodnih heroja! Grad heroj koji nije nezaslu\u017eeno dobio to odlikovanje\u201d, kazao je Zvrko.<\/p>\n\n\n\n<p>On je rekao da je politi\u010dka konkurencija vodila i vodi \u201cbitke za Nik\u0161i\u0107\u201d, ali ne uspijevaju da shvate da ne mogu da slome otpor ili makar da kupe Nik\u0161i\u0107.<\/p>\n\n\n\n<p>\u201cOni zaboravljaju da je duh ovog grada nesalomljiv jer su ga izgra\u0111ivali Vito i \u017divko Nikoli\u0107, Miladin \u0160obi\u0107, Branko Radoji\u010di\u0107, Skale Gvozdenovi\u0107 i brojni drugi velikani me\u0111u kojima je dokazani dr\u017eavnik i lider Milo \u0110ukanovi\u0107\u201d, saop\u0161tio je Zvrko.<\/p>\n\n\n\n<p>On se potom osvrnuo i na period u kojem \u017eivi Crna Gora od 2020. godine do danas.<\/p>\n\n\n\n<p>\u201cU tom turbulentnom vrijeme desilo se ne\u0161to \u0161to nijesmo mogli ni pretpostaviti da je mogu\u0107e da \u0107e se desiti u Crnoj Gori. A sje\u0107ate se dobro da su nam najavljivali nestanak sa politi\u010dke scene. Me\u0111utim, opet se u Nik\u0161i\u0107u desila prekretnica \u2013 na lokalnim izborima u ovom gradu ostvarili smo odli\u010dan rezultat. Nijesmo osvojili vlast, ali mi smo osvojili toliki broj glasova da smo najja\u010di politi\u010dki \u010dinilac u Crnoj Gori, i trasirali put ka daljem razvoju i stabilnosti DPS-a. Zato sam siguran da \u0107e svanuti jutra o kojima govori Miladin \u0160obi\u0107 u svojoj \u010duvenoj pjesmi. Zato sam siguran da \u0107e se ponovo ponosno vijoriti zastave Crne Gore koje zna\u010de pobjedu, jer destrukcija, primitivizam, revan\u0161izam, neznanje i nasilje ne mogu da traju predugo. Zato Nik\u0161i\u0107 mora ponovo na svom \u010delu imati nekoga ko \u0107e biti dosljedan da naslijedi jednog Bata Gruj\u010di\u0107a\u201d, zaklju\u010dio je Elvir Zvrko.<\/p>\n\n\n\n<p>Na strana\u010dkoj tribini u Nik\u0161i\u0107u okupljenim \u010dlanovima se obratio i Du\u0161an Rai\u010devi\u0107, koji je tako\u0111e kandidat za potpredsjednika DPS-a. On je u svom obra\u0107anju okupljenima istakao da je izuzetno prilivegovan \u010dinjenicom da boravi u gradu heroja.<\/p>\n\n\n\n<p>\u201cEnergija koja se osje\u0107a na svim do sada odr\u017eanim tribinama ne\u0161to je najljep\u0161e \u0161to se desilo na crnogorskoj politi\u010dkoj sceni. Mnogi su predvi\u0111ali da nas ne\u0107e biti a nas itekako ima i svakog dana smo ja\u010di. Upravo na toj solidarnosti po\u010diva na\u0161a kampanja\u201d, kazao je Rai\u010devi\u0107 dodaju\u0107i da su svi kandidati za najve\u0107e funkcije u partiji me\u0111usobni prijatelji koji se ne me\u0111u sobom ne takmi\u010de, te da bez obzira koji god pojedinac bio pobjednik na kraju, pobjednik \u0107e biti samo Demokratska partija socijalista\u201d, rekao je Rai\u010devi\u0107.<\/p>\n\n\n\n<p>On je ukazao da je neophodno pokrenuti reorganizaciju DPS-a te da je sna\u017ean podr\u017eavalac takvog procesa.<\/p>\n\n\n\n<p>\u201cTreba staviti \u010dlanove na prvo mjesto. Nijedan va\u0161 zahtjev i apel koji uputite prema rukovodstvu ne smije ostati bez na\u0161e reakcije. Mi moramo otvoriti dodatan prostor za stru\u010dne ljude koji \u0107e svoje znanje staviti u svrhu ispunjavanja ciljeva na\u0161e partije. Moramo stvoriti dodatan prostor za mlade ljude okupljenje pod Savjetom mladih, da svojom energijom i poletom nastave da grade sve ono \u0161to jesu izbore pobjede DPS-a u prethodnom periodu. Mora se pru\u017eiti puna podr\u0161ka i Alijansi \u017eena da jo\u0161 zna\u017enije budu korektivni faktor za sve ono \u0161to su politike koje \u0107emo dodatno kreirati\u201d, istakao je Rai\u010devi\u0107.<\/p>\n\n\n\n<p>On je konstatovao da je svestan \u010dinjenice da je pred partijom izazovan zadatak, ali i da je siguran da partija mo\u017ee da ostvariti sopstveni i zadati cilj.<\/p>\n\n\n\n<p>\u201cSmatram da je potrebno pokazati vi\u0161e empatije, vi\u0161e razumijevanja. Zbog toga vas sve pozivam da zajedno radimo kako bismo u Crnoj Gori sa\u010duvali multietni\u010dki sklad, status gra\u0111anske moderne, antifa\u0161isti\u010dke dr\u017eave. To ne radimo zbog nas, nego zbog generacija koje tek dolaze\u201d, rekao je Du\u0161an Rai\u010devi\u0107.<\/p>\n\n\n\n<p>U svojstvu kandidata za potpredsjednika DPS-a na strana\u010dkoj tribini govorio je i Abaz Dizdarevi\u0107, koji je na po\u010detku kazao da je ponosan na sveukupno \u010dlanstvo koje je, prema njegovima rije\u010dima, klju\u010dni garant odbrane multinacionalnog, multietni\u010dkog i multikulturalnog sklada u Crnoj Gori.<\/p>\n\n\n\n<p>\u201cNekada smo bili na pragu EU, ali danas to ne izgleda tako. Sa trgova i ulica gradova u na\u0161oj dr\u017eavi \u010duju se poruke upu\u0107ene manje brojnim narodima koje asocijaraju na devedesete godine. To ne bi bilo toliko \u010dudno da se te poruke nijesu naselile i u nacionalni parlament. Sjetite se kako su se gospodstveno i tih devedesetih poslanici u Skup\u0161tini Crne odnosili sa uva\u017eavanjem jedni prema drugima, dok danas na\u0161em poslaniku Huteru budu upu\u0107ene gnusne rije\u010di koje slobodno mogu nazvati fa\u0161izmom\u201d, rekao je Dizdarevi\u0107 dodaju\u0107i da se neko drznuo da pobrojava krvna zrnca i \u201cprekopava grobove\u201d.<\/p>\n\n\n\n<p>\u201cSjutra \u0107e to uraditi i meni i bilo kome drugome od vas. A ja ne \u017eelim da mi \u017eivimo u takvoj Crnoj Gori. \u017delimo da stanemo na kraj takvim kvazi-evropskim politikama, jer se zala\u017eu i govore da su Evropljani a poruke koje \u0161alju su \u010dak gore od onih sa kojima su pravili koaliciju, te samim tim i postaju jo\u0161 ve\u0107i manipulanti nego \u0161to je DF ikad bio\u201d, nastavio je Dizdarevi\u0107.<\/p>\n\n\n\n<p>Na kraju izlaganja konastatuju\u0107i pozitivnu energiji i u Nik\u0161i\u0107u i u drugim gradovima u kojima su odr\u017eane tribine u ovoj kampanju za partijske izbore, Dizadarevi\u0107 je kazao da polako i sigurno svi\u0107e Crnoj Gori.<\/p>\n\n\n\n<p>\u201cNije Crna Gora zaslu\u017eila gre\u0161ke koje smo mi pravili, ali nije zaslu\u017eila ni ovakvu torturu kojoj svedo\u010dimo svi mi. Smijenili smo jednu vladu fanati\u010dnog Zdarvka Krivokapi\u0107a, smijenili smo i drugu vladu Dritana Abazovi\u0107a, a budite sigurni da \u0107emo smijeniti i ovu tre\u0107u i to br\u017ee nego \u0161to mo\u017ee bilo ko o\u010dekivati. Svojom jedinstveno\u0161\u0107u i solidarno\u0161\u0107u, vrati\u0107emo Crnoj Gori njeno dostojanstvo\u201d, jasan je u svom stavu Abaz Dizdarevi\u0107.<\/p>\n\n\n\n<p>Naredna govornica na tribini bila je kandidatkinja za potpredsjednicu partije, Aleksandra Vukovi\u0107-Ku\u010d, koja je odmah na po\u010detku istakla da se ponosi svojim gradom i \u0161to u Skup\u0161tini Crne Gore predstavlja Demokratsku partiju socijalista.<\/p>\n\n\n\n<p>\u201cMi se kao partija mijenjamo onda kada to mi ho\u0107emo. Do kraja \u0107e DPS biti ono \u0161to je \u2013 brana svakom nacionalizmu, \u0161ovinizmu, fa\u0161izmu. Bi\u0107emo uvijek partija koja \u010duva dr\u017eavotvornost i gra\u0111ansko bi\u0107e Crne Gore. Mijenja\u0107emo se onda kada to mislimo da treba, a sada mislimo da je to potrebno. I zbog toga se doga\u0111aju ove i ovakve promjene u na\u0161oj partiji, promjene prije svega u cilju stizanja na jedan put koji jeste te\u017eak i dug. Najte\u017eni i najdu\u017ei put je prevazila\u017eenje sopstvenih mana i sopstevnih slabosti. To jeste najte\u017ei put\u201d, ukazala je Vukovi\u0107-Ku\u010d.<\/p>\n\n\n\n<p>\u201cTe na\u0161e slabosti koje su nas ipak \u010dinile manjim od partije koja nam je dala povjerenje. Iznevjerili smo njenu veli\u010dinu i moramo to priznati u nekim trenucima kada smo jedni na druge gladali iskosa i jedni drugima nijesmo \u017eeljeli dobro pa nam se to obilo o glavu tako \u0161to su na mjesto vladanja do\u0161li oni koji ne misle dobro, ne samo nama, nego i crnogorskom dru\u0161tvu i crnogorskoj dr\u017eavi. Sigurna sam da se to vi\u0161e nikada ne\u0107e ponoviti i da nam se taj kobni 30. avgust dogodio da bismo pogledali u sebe, da bismo se duboko zagledali u sebe i sopstvene ambise kako bismo iz tih ambisa iza\u0161li i vi\u0161i nego \u0161to smo i bolji nego \u0161to jesmo\u201d, saop\u0161tila je Vukovi\u0107-Ku\u010d, dodaju\u0107i da je sigurna da \u0107e ovaj proces partiji donijeti popravku svih pojedina\u010dno.<\/p>\n\n\n\n<p>Ona je sve \u010dlanove pozvala da u nedjelju u\u010destvuju u procesu glasanja.<\/p>\n\n\n\n<p>\u201c\u017delimo da niko ne odlu\u010duje o Nik\u0161i\u0107u, ni tamo neka centrala niti bilo ko drugi, do vi sami i da nikada vi\u0161e nemate izgovor koje ste i kakvo rukovodstvo birali. Zbog toga u ne\u0111elju, va\u0161im rukama, va\u0161im prstima izaberite rukovodstvo i \u010dovjeka kojeg smatrate da zaslu\u017euje da vodi partiju u budu\u0107em periodu, da poka\u017eete da ste se usudili, da ste hrabri\u201d, zaklju\u010dila je Aleksandra Vukovi\u0107-Ku\u010d.<\/p>\n\n\n\n<p>Posljednji govornik me\u0111u kandidatima za potpredsjednike na ve\u010deras odr\u017eanoj tribini DPS-a u Nik\u0161i\u0107u bio je Jevto Erakovi\u0107, koji je svim \u010dlanovima partije kazao da i zbog Ljuba i zbog Vita, Nik\u0161i\u0107 mora da se pita a onda istakao da se pita i zbog, kako je ocijenio, jednog \u010dovjeka, dr\u017eavnika, lidera, velikog vizionara, koji \u0107e zlatnim slovima biti upisan u ime Nik\u0161i\u0107a i Crne Gore \u2013 Mila \u0110ukanovi\u0107a.<\/p>\n\n\n\n<p>\u201cPita se i zbog nik\u0161i\u0107ke DPS porodice. I pita se zbog svih onih ljudi koji se nalaze u ovoj sali i koji nijesu u njoj. Pita se zbog Alijanse \u017eena koja djeluje u ovom gradu, \u017eena koje su ne samo u Nik\u0161i\u0107u nego i u Crnoj Gori mnogo puta svima pokazale kako se brani Crna Gora \u2013 hrabro, istrajno, u prvim redovima. Pita se i zbog Savjeta mladih, sjajnih ljudi koji su ne samo u toj organizaciji nego i mimo nje, koji predstavlju ne samo budu\u0107nost nego i sada\u0161njost na\u0161e partije i u Nik\u0161i\u0107u i u Crnoj Gori. Imamo na koga da se oslonimo, i to nam predstavlja najve\u0107i kvalitet u Nik\u0161i\u0107u\u201d, saop\u0161tio je Erakovi\u0107, a potom dodao:<\/p>\n\n\n\n<p>\u201cA najvi\u0161e se pita zbog \u010dlanova i aktivista DPS-a koji siguran sam predstavljaju \u017eilu kucavicu DPS-a Crne Gore. To ste vi, ljudi koji ste na svakom koraku i na svakom mjestu bili spremni da branite Nik\u0161i\u0107 i da branite Crnu Goru. Da ponosno stojite pred \u010detni\u010dkim \u0161ubarama i onim poltronima bez diploma, pred izdajicama i pred neznalicama.\u201d<\/p>\n\n\n\n<p>On je \u010dlanstvu zahvalio za prethodne tri godine u kojima su pokazali, kako je istakao, hrabrost, \u010dojstvo, odanost i ljubav prema svom gradu i svojoj dr\u017eavi.<\/p>\n\n\n\n<p>\u201cDok je svih vas nikada ne\u0107e pokleknuti, ni Nik\u0161i\u0107 ni Crna Gora. Nalazimo se u te\u0161kim trenucima kada nas opkoljavaju sa svih strana. Nalazimo se u trenucima kada neko \u017eeli i poku\u0161ava da implementira onaj te\u0161ki i pakosni nacionalizam devedesetih. Mislim da je prava poruka odavde i sa ovog mjesta iz svetog na\u0161eg Nik\u0161i\u0107a \u2013 \u017eelja \u0107e vas biti\u201d, poru\u010dio je Erakovi\u0107.<\/p>\n\n\n\n<p>On je na kraju obra\u0107anja imao poruku i za konstituetne vlast predstavnike pokreta Evropa sad.<\/p>\n\n\n\n<p>\u201cIluzije pred kojima Crna Gora polako klizi u ekonomsku propast polako se raspr\u0161uju. Vidimo da od programa Evropa sad 2, nema ni\u0161ta, nema ga nigdje, nigdje ga nijesmo vidjeli, nigdje ga nijesmo \u010duli, \u010cim su zauzeli svoje pozicije polako su po\u010deli da zaboravljaju na svoja obe\u0107anja a ne zaboravimo da su na krilima tih obe\u0107anja dobili prethodne parlamentarne izbore. Prema tome gospodo, i vama poru\u010dujemo, ako ste mislii da na la\u017eima i praznim obe\u0107anjima i pri\u010dama da dobijate i dalje vlast \u2013 \u017eelja \u0107e vas biti\u201d, zaklju\u010dio je Jevto Erakovi\u0107.<br>Ve\u010dera\u0161njoj strana\u010dkoj tribini u susret partijskim izborima, prisustovao je i dugogodi\u0161nji predsjednik Demokratske partije socijalista Milo \u0110ukanovi\u0107.<\/p>\n\n\n\n<p><strong>Demokratska partija socijalista Crne Gore<\/strong><\/p>\n","protected":false},"excerpt":{"rendered":"<p>\u201cSvi\u0107e u Crnoj Gori, a da li \u0107e svanuti zavisi isklju\u010divo od nas. Zavisi od toga da li smo u stanju da savladamo sopstvene slabosti, da li smo u stanju da se radujemo uspjesima onih koji nas predstavljaju u lokalnim i dr\u017eavnom parlamentu, da li smo u stanju da se pona\u0161amo kao \u010dlanovi jedne velike&hellip;<\/p>\n","protected":false},"author":2,"featured_media":716,"comment_status":"open","ping_status":"open","sticky":false,"template":"","format":"standard","meta":{"footnotes":""},"categories":[1],"tags":[],"_links":{"self":[{"href":"https:\/\/mozemobolje.me\/index.php\/wp-json\/wp\/v2\/posts\/715"}],"collection":[{"href":"https:\/\/mozemobolje.me\/index.php\/wp-json\/wp\/v2\/posts"}],"about":[{"href":"https:\/\/mozemobolje.me\/index.php\/wp-json\/wp\/v2\/types\/post"}],"author":[{"embeddable":true,"href":"https:\/\/mozemobolje.me\/index.php\/wp-json\/wp\/v2\/users\/2"}],"replies":[{"embeddable":true,"href":"https:\/\/mozemobolje.me\/index.php\/wp-json\/wp\/v2\/comments?post=715"}],"version-history":[{"count":1,"href":"https:\/\/mozemobolje.me\/index.php\/wp-json\/wp\/v2\/posts\/715\/revisions"}],"predecessor-version":[{"id":717,"href":"https:\/\/mozemobolje.me\/index.php\/wp-json\/wp\/v2\/posts\/715\/revisions\/717"}],"wp:featuredmedia":[{"embeddable":true,"href":"https:\/\/mozemobolje.me\/index.php\/wp-json\/wp\/v2\/media\/716"}],"wp:attachment":[{"href":"https:\/\/mozemobolje.me\/index.php\/wp-json\/wp\/v2\/media?parent=715"}],"wp:term":[{"taxonomy":"category","embeddable":true,"href":"https:\/\/mozemobolje.me\/index.php\/wp-json\/wp\/v2\/categories?post=715"},{"taxonomy":"post_tag","embeddable":true,"href":"https:\/\/mozemobolje.me\/index.php\/wp-json\/wp\/v2\/tags?post=715"}],"curies":[{"name":"wp","href":"https:\/\/api.w.org\/{rel}","templated":true}]}}