{"id":736,"date":"2024-01-27T13:15:52","date_gmt":"2024-01-27T13:15:52","guid":{"rendered":"https:\/\/mozemobolje.me\/?p=736"},"modified":"2024-01-27T13:15:52","modified_gmt":"2024-01-27T13:15:52","slug":"zivkovic-u-podgorici-kolektivno-se-budimo-nema-crnoj-gori-napretka-bez-demokratske-partije-socijalista","status":"publish","type":"post","link":"https:\/\/mozemobolje.me\/index.php\/2024\/01\/27\/zivkovic-u-podgorici-kolektivno-se-budimo-nema-crnoj-gori-napretka-bez-demokratske-partije-socijalista\/","title":{"rendered":"\u017divkovi\u0107 u Podgorici: Kolektivno se budimo, nema Crnoj Gori napretka bez Demokratske partije socijalista"},"content":{"rendered":"\n<p>\u201cMoramo promijeniti na\u010din djelovanja, jer se i prilike u dru\u0161tvu mijenjaju. Zadr\u017ea\u0107emo dobre prakse, a ustaliti i nove\u201d, istakao je na ve\u010dera\u0161njoj tribini u Podgorici kandidat za predsjednika Demokratske partije socijalista Crne Gore Danijel \u017divkovi\u0107.<\/p>\n\n\n\n<p>\u201cVidim da se kolektivno budimo, \u0161to je vrlo ohrabruju\u0107e. Moramo da radimo, nema izgovora, ako ho\u0107emo naprijed svi moramo naprijed. I ve\u010dera\u0161nja tribina je pokazala da smo zajedno, da smo slo\u017eni i da znamo \u0161ta treba \u010diniti. Kre\u0107emo od svoje ku\u0107e, uvodimo red i da idemo naprijed. Ne\u0107emo vi\u0161e tolerisati nepravdu i ne\u0107emo uva\u017eavati jedne uni\u017eavaju\u0107i druge\u201d, saop\u0161tio je \u017divkovi\u0107.<\/p>\n\n\n\n<p>\u201cDa se reformi\u0161emo i oborimo aktuelnu Vladu je na\u0161 cilj. Ali nije i svrha. Svrha ispunjavanja takvog cilja je odgovorno, ozbiljno i posve\u0107eno vo\u0111enje i Demokratske partije socijalista i na\u0161e dr\u017eave, poru\u010dio je \u017divkovi\u0107 u nastavku svog izlaganja.<\/p>\n\n\n\n<p>\u201eNema ovoj zemlji napretka bez Demokratske partije socijalista, bez na\u0161eg programa, i na\u0161eg kursa koji je donio nezavisnost, \u010dlanstvo u NATO i za tako malo uveo u EU\u201c, istakao je \u017divkovi\u0107.<\/p>\n\n\n\n<p>Govore\u0107i o planu dalje reorganizacije Demokratske partije socijalista, \u017divkovi\u0107 je saop\u0161tio da, nakon izbora 28. januara, nema stajanja.<\/p>\n\n\n\n<p>\u201cOdmah kre\u0107emo u pripremu neposrednih izbora predsjednika op\u0161tinskih odbora, a zatim i pripremu Kongresa, koji bi trebao da donese izbor novog Glavnog odbora, izbor novog Predsjedni\u0161tva i drugih klju\u010dnih timova od va\u017enosti za postavljanje kvalitetnih temelja za rad i razvoj partije bliske gra\u0111anima\u201d, upoznao je on.<\/p>\n\n\n\n<p>Predstavljaju\u0107i osnove programa, \u017divkovi\u0107 je \u010dlanove upoznao da je programski fokus jasan: obrazovanje, bolja medicinska za\u0161tita, socijalna pitanja, ekonomska politika i vladavina prava.<\/p>\n\n\n\n<p>\u201eNijedan program ne\u0107e biti finalizovan bez prethodnih konsultacija sa na\u0161im \u010dlanstvom. Svi odlu\u010dujemo zajedno\u201c, naglasio je \u017divkovi\u0107.<\/p>\n\n\n\n<p>Na\u0161 osnovni zadatak je zadr\u017eati koncept gra\u0111anske dr\u017eve Crne Gore, sa svima onima koji dijele takve vrijednosti.<\/p>\n\n\n\n<p>\u201eCrna Gora je iznad svih nas, moramo je paziti i \u010duvati, snagom pameti i radom\u201c, zaklju\u010dio je \u017divkovi\u0107.<\/p>\n\n\n\n<p>Interpartijske neposredne izbore, koji se po prvi put odr\u017eavaju u istoriji crnogorskog vi\u0161epartizma, Demokratska partija socijalista organizuje 28. januara, kada \u0107e \u010dlanstvo birati predsjednika i \u010detiri potpredsjednika partije.<\/p>\n\n\n\n<p><strong>Danijel \u017divkovi\u0107, v.d. predsjednika DPS Crne Gore<\/strong><\/p>\n","protected":false},"excerpt":{"rendered":"<p>\u201cMoramo promijeniti na\u010din djelovanja, jer se i prilike u dru\u0161tvu mijenjaju. Zadr\u017ea\u0107emo dobre prakse, a ustaliti i nove\u201d, istakao je na ve\u010dera\u0161njoj tribini u Podgorici kandidat za predsjednika Demokratske partije socijalista Crne Gore Danijel \u017divkovi\u0107. \u201cVidim da se kolektivno budimo, \u0161to je vrlo ohrabruju\u0107e. Moramo da radimo, nema izgovora, ako ho\u0107emo naprijed svi moramo naprijed.&hellip;<\/p>\n","protected":false},"author":2,"featured_media":737,"comment_status":"open","ping_status":"open","sticky":false,"template":"","format":"standard","meta":{"footnotes":""},"categories":[1],"tags":[],"_links":{"self":[{"href":"https:\/\/mozemobolje.me\/index.php\/wp-json\/wp\/v2\/posts\/736"}],"collection":[{"href":"https:\/\/mozemobolje.me\/index.php\/wp-json\/wp\/v2\/posts"}],"about":[{"href":"https:\/\/mozemobolje.me\/index.php\/wp-json\/wp\/v2\/types\/post"}],"author":[{"embeddable":true,"href":"https:\/\/mozemobolje.me\/index.php\/wp-json\/wp\/v2\/users\/2"}],"replies":[{"embeddable":true,"href":"https:\/\/mozemobolje.me\/index.php\/wp-json\/wp\/v2\/comments?post=736"}],"version-history":[{"count":1,"href":"https:\/\/mozemobolje.me\/index.php\/wp-json\/wp\/v2\/posts\/736\/revisions"}],"predecessor-version":[{"id":738,"href":"https:\/\/mozemobolje.me\/index.php\/wp-json\/wp\/v2\/posts\/736\/revisions\/738"}],"wp:featuredmedia":[{"embeddable":true,"href":"https:\/\/mozemobolje.me\/index.php\/wp-json\/wp\/v2\/media\/737"}],"wp:attachment":[{"href":"https:\/\/mozemobolje.me\/index.php\/wp-json\/wp\/v2\/media?parent=736"}],"wp:term":[{"taxonomy":"category","embeddable":true,"href":"https:\/\/mozemobolje.me\/index.php\/wp-json\/wp\/v2\/categories?post=736"},{"taxonomy":"post_tag","embeddable":true,"href":"https:\/\/mozemobolje.me\/index.php\/wp-json\/wp\/v2\/tags?post=736"}],"curies":[{"name":"wp","href":"https:\/\/api.w.org\/{rel}","templated":true}]}}