{"id":739,"date":"2024-01-27T13:23:44","date_gmt":"2024-01-27T13:23:44","guid":{"rendered":"https:\/\/mozemobolje.me\/?p=739"},"modified":"2024-01-27T13:23:45","modified_gmt":"2024-01-27T13:23:45","slug":"raicevic-bilo-je-greska-promjenicemo-nacin-rada-postacemo-odgovorniji-i-sistematizovaniji-mnogo-vise-paznje-cemo-posvetiti-nasem-clanstvu","status":"publish","type":"post","link":"https:\/\/mozemobolje.me\/index.php\/2024\/01\/27\/raicevic-bilo-je-greska-promjenicemo-nacin-rada-postacemo-odgovorniji-i-sistematizovaniji-mnogo-vise-paznje-cemo-posvetiti-nasem-clanstvu\/","title":{"rendered":"Rai\u010devi\u0107: Bilo je gre\u0161ka, promjeni\u0107emo na\u010din rada, posta\u0107emo odgovorniji i sistematizovaniji, mnogo vi\u0161e pa\u017enje \u0107emo posvetiti na\u0161em \u010dlanstvu"},"content":{"rendered":"\n<p>\u201cPolitika ove partije ve\u0107 30 godina ispunjava neke velike i va\u017ene ciljeve na tom odgovornom putu, i naravno da na tom putu ispunjena cilja rade ljudi od krvi i mesa, a ne roboti, i da zato dolazi do gre\u0161aka. Ne mo\u017eemo uvijek donijeti prave odluke i nekad se dese gre\u0161ke, ali stvar odgovornosti je da se gre\u0161ke prepoznaju, da se isprave i da se dr\u017ei stabilan kurs onoga \u0161to je zajedni\u010dki cilj\u201d, poru\u010dio je Du\u0161an Rai\u010devi\u0107, kandidat za potpredsjednika DPS-a, na sino\u0107 odr\u017eanoj tribini u Podgorici.<\/p>\n\n\n\n<p>Okupljenim \u010dlanovima partije u glavnom gradu Crne Gore na po\u010detku svog izlaganja, ukazao je da je pitanje vlasti i pitanje opozicije, ustvari pitanje odgovornosti da se donesu odluke.<\/p>\n\n\n\n<p>\u201cPitaju me \u010desto: jeste se istro\u0161ili? To je kao kad biste pitali jednu majku ili doma\u0107icu da li se umorila od obavljanja svoje odgovornosti da dr\u017ei jednu ku\u0107u ili podi\u017ee djecu. Ne nijesam se istro\u0161io, samo radim svoj posao. Nekad dobijete vru\u0107 krompir onako ba\u0161 direktno u \u0161ake a nekad do\u0111e\u0161 na gotovo, ali to ne zna\u010di da si zavr\u0161io svoju misiju, nego da tek treba da po\u010dne\u0161 da radi\u0161, i da to \u0161to si dobio na gotovo upotrijebi\u0161 da do\u0111e\u0161 do zadatog cilja. Politika koja je ispravna uvijek ima cilj\u201d, rekao je Rai\u010devi\u0107.<\/p>\n\n\n\n<p>Saop\u0161tio je da na funkciji koju obavlja uvijek je spreman da \u010dujem drugo mi\u0161ljenje kao i kritiku, a po naho\u0111enju funkcije odlu\u010di \u010dime \u0107u se rukovoditi.<\/p>\n\n\n\n<p>\u201cPo rezultatima koji su mjerljivi i vidljivi mo\u017eemo zaklju\u010diti da li ja svoj posao obavljam ispravno ili pogre\u0161no, naravno mislim u globalu. Svako od nas je imao priliku da se oproba u vr\u0161enju odgovornosti. Svoju odgovornost posmatram kroz na\u010din da dobro uredim menad\u017eerski sistem pod kojim \u0107emo svi mi dobro funkcionisati, a na korist gra\u0111anima, jer mi smo tu zbog gra\u0111ana, partijski gledano tu smo zbog \u010dlanstva i koristim priliku da se zahvalim svim \u010dlanovima koji su ostali u ovoj partiji i i dalje vjeruju da ona mo\u017ee posti\u0107i bolje rezultate\u201d, istakao je Rai\u010devi\u0107.<\/p>\n\n\n\n<p>Posebnu zahvalnost uputio je Op\u0161tinskom odboru DPS Bar iz koje sam dolazi, kao i svim \u010dlanovima tog odbora.<\/p>\n\n\n\n<p>\u201cMo\u017eemo bolje, i zato sam se kandidovao na mjesto potpresjednika da svojim radom doprinesem svemu \u0161to je neophodno da postanemo jo\u0161 bolji i da se vratimo i obnovimo svoj program. Samim tim podr\u017eavam i sve ovo \u0161to gospodin \u017divkovi\u0107 podvodi pod svoj plan reorganizacije i izvjesnih promjena. \u010cesto ovih dana \u010dujem pitanje o kakvim promjenama govorimo a re\u0107i \u0107u vam \u0161ta ja mislim o tome \u2013 promjeni\u0107emo na\u010din rada u smislu da postane odgovorniji i sistematizovaniji a to podrazumijeva mnogo vi\u0161e zalaganja za iste ciljeve koji \u0107e nam vratiti mjesto na politi\u010dkoj sceni koja nam pripada, mnogo vi\u0161e pa\u017enje prema na\u0161em \u010dlanstvu i uzajamnije saradnje sa svakim pojedincem\u201d, kazao je Rai\u010devi\u0107.<\/p>\n\n\n\n<p>On je konstatovao da biti rukovodilac ne zna\u010di da radi\u0161 manje, nego zna\u010di da radi\u0161 vi\u0161e i da druge motivi\u0161e\u0161 da rade vi\u0161e jer ako se ne radi vi\u0161e, kako je ocijenio, sasvim je logi\u010dno da ni drugi ne\u0107e raditi vi\u0161e.<\/p>\n\n\n\n<p>\u201cDa se ne ponavljam i sami znate da je va\u017eno da smo jedinstveni zato i jesmo partija, udru\u017eenje istomi\u0161ljenika koji svi zajedno rade za isti cilj. Na\u0161 cilj je bio koncept gra\u0111anske Crne Gore i bolji \u017eivot za sve gra\u0111ane kroz politi\u010dko zastupljenje i upravljanje sistemom. O programu ne bih vi\u0161e od toga, osim da ka\u017eem da ga istinski podr\u017eavam i stavljam se na raspolaganje za sve izvedbe, stavljam se na raspolaganje svima vama. Uostalom zato i birate 4 potpredsjednika\u201d, rekao je Rai\u010devi\u0107.<\/p>\n\n\n\n<p>\u201cUsput sam \u010duo Podgorica \u2013 Podgori\u010danima i to je lijepo jer \u0107ete u Baru \u010duti \u201cnema Bara do cara\u201d, u Cetinje \u201cni prijestonice bez gospodara\u201d, u Nik\u0161i\u0107u \u201crasto\u010dka je zajednica dala jednog Mila za gospodara\u201d, Pljevljima \u201cbez Pljevljaka nema do junaka\u201d, \u201cnidje bolje no u Bijelo Polje\u201d, ili \u201csvud se \u0161ire bihorove grane one na\u0161e a i one strane\u201d i tako redom \u201cod serdara do vojvode\u201d, nastavio je on a onda i dodao:<\/p>\n\n\n\n<p>\u201cI taj na\u0161 lijepi su\u017eivot je na\u0161a posebnost, me\u0111utim najva\u017enije je \u201cCrna Gora \u2013 Crnogorcima, ma koje vjere i nacije bili i to nas krasi, a to je i na\u0161 program. Ako smo svi zajedno ne\u0107emo imati problema da bilo koji cilj postignemo sa svim na\u0161im posebnim lokalnim osobenostima\u201d, zaklju\u010dio je Du\u0161an Rai\u010devi\u0107, dodaju\u0107i da \u201cniko od kandidata partijske izbore ne do\u017eivljava kao takmi\u010denje, tako da ne\u0107e biti gubitnika, jer samo je DPS pobjednik.\u201d<\/p>\n\n\n\n<p><strong>Du\u0161an Rai\u010devi\u0107, kandidat za potpredsjednika DPS Crne Gore<\/strong><\/p>\n","protected":false},"excerpt":{"rendered":"<p>\u201cPolitika ove partije ve\u0107 30 godina ispunjava neke velike i va\u017ene ciljeve na tom odgovornom putu, i naravno da na tom putu ispunjena cilja rade ljudi od krvi i mesa, a ne roboti, i da zato dolazi do gre\u0161aka. Ne mo\u017eemo uvijek donijeti prave odluke i nekad se dese gre\u0161ke, ali stvar odgovornosti je da&hellip;<\/p>\n","protected":false},"author":2,"featured_media":740,"comment_status":"open","ping_status":"open","sticky":false,"template":"","format":"standard","meta":{"footnotes":""},"categories":[1],"tags":[],"_links":{"self":[{"href":"https:\/\/mozemobolje.me\/index.php\/wp-json\/wp\/v2\/posts\/739"}],"collection":[{"href":"https:\/\/mozemobolje.me\/index.php\/wp-json\/wp\/v2\/posts"}],"about":[{"href":"https:\/\/mozemobolje.me\/index.php\/wp-json\/wp\/v2\/types\/post"}],"author":[{"embeddable":true,"href":"https:\/\/mozemobolje.me\/index.php\/wp-json\/wp\/v2\/users\/2"}],"replies":[{"embeddable":true,"href":"https:\/\/mozemobolje.me\/index.php\/wp-json\/wp\/v2\/comments?post=739"}],"version-history":[{"count":1,"href":"https:\/\/mozemobolje.me\/index.php\/wp-json\/wp\/v2\/posts\/739\/revisions"}],"predecessor-version":[{"id":741,"href":"https:\/\/mozemobolje.me\/index.php\/wp-json\/wp\/v2\/posts\/739\/revisions\/741"}],"wp:featuredmedia":[{"embeddable":true,"href":"https:\/\/mozemobolje.me\/index.php\/wp-json\/wp\/v2\/media\/740"}],"wp:attachment":[{"href":"https:\/\/mozemobolje.me\/index.php\/wp-json\/wp\/v2\/media?parent=739"}],"wp:term":[{"taxonomy":"category","embeddable":true,"href":"https:\/\/mozemobolje.me\/index.php\/wp-json\/wp\/v2\/categories?post=739"},{"taxonomy":"post_tag","embeddable":true,"href":"https:\/\/mozemobolje.me\/index.php\/wp-json\/wp\/v2\/tags?post=739"}],"curies":[{"name":"wp","href":"https:\/\/api.w.org\/{rel}","templated":true}]}}