{"id":742,"date":"2024-01-27T13:34:00","date_gmt":"2024-01-27T13:34:00","guid":{"rendered":"https:\/\/mozemobolje.me\/?p=742"},"modified":"2024-01-27T13:34:01","modified_gmt":"2024-01-27T13:34:01","slug":"zvrko-unaprijedicemo-jedinstvo-i-odgovornost-unutar-dps-a-nas-glavni-cilj-je-da-gradani-kvalitetno-zive-od-svog-rada","status":"publish","type":"post","link":"https:\/\/mozemobolje.me\/index.php\/2024\/01\/27\/zvrko-unaprijedicemo-jedinstvo-i-odgovornost-unutar-dps-a-nas-glavni-cilj-je-da-gradani-kvalitetno-zive-od-svog-rada\/","title":{"rendered":"Zvrko: Unaprijedi\u0107emo jedinstvo i odgovornost unutar DPS-a, na\u0161 glavni cilj je da gra\u0111ani kvalitetno \u017eive od svog rada"},"content":{"rendered":"\n<p>\u201cAko budem izabran za potpredsjednika zalaga\u0107u se da DPS bude jo\u0161 modernija i otvorenija partija, \u010diji \u0107e unutarstrana\u010dki odnosi biti zasnovani na me\u0111usobnom povjerenju, po\u0161tovanju i borbi argumenata. \u017delim DPS u kojem \u0107emo vi\u0161e slu\u0161ati jedni druge, unaprje\u0111ivati jedinstvo, odgovornost, i solidarnost. Na\u0161 glavni pokreta\u010d mora biti nastojanje da omogu\u0107imo dalji razvoj Crne Gore kako bi svi njeni gra\u0111ani mogli kvalitetno da \u017eive od svoga rada. I sve ovo u isklju\u010divo nezavisnoj i samostalnoj Crnoj Gori\u201d, poru\u010dio je Elvir Zvrko, kandidat za potpredsjednika DPS-a na sino\u0107njoj strana\u010dkoj tribini u Podgorici.<\/p>\n\n\n\n<p>Na zavr\u0161nom doga\u0111aju u sklopu kampanje za unutarpartijske izbore on je istakao da mu predstavlja veliku \u010dast i zadovoljstvo \u0161to ima priliku da se obrati Podgori\u010dankama i Podgori\u010danima, te da svi zajedno razgovaraju o budu\u0107nosti DPS-a.<\/p>\n\n\n\n<p>\u201cNa\u0161a politi\u010dka konkurencija nikako da shvati da smo jaki jer se zajedno borimo da Crna Gora bude evropska, gra\u0111anska, antifa\u0161isti\u010dka, multietni\u010dka dr\u017eava. Nakon 30. avgusta 2020. godine mnogi su nam predvi\u0111ali nestanak sa politi\u010dke scene. Ali, to se nije desilo. Mi smo ostali stabilan, pojedina\u010dno najja\u010di, politi\u010dki subjekt u Crnoj Gori. I to zahvalju\u0107i vama, koji \u010dvrsto i dosljedno stojite uz DPS\u201d, rekao je Zvrko.<\/p>\n\n\n\n<p>\u201cNajve\u0107a snaga DPS ste upravo vi, dragi prijatelji, koji ste ovih dana punili sale od Petnjice do Herceg Novog, od Pljevalja do Ulcinja. Imamo ono \u0161to nema nijedna partija u Crnoj Gori \u2013 preko 22.000 ponosnih i dostojanstvenih \u010dlanova\u201d, nastavio je on i dodao da od samog broja jo\u0161 bitniji kvalitet.<br>\u201cDPS ima najja\u010di kadrovski i liderski potencijal, a to nam priznaju i politi\u010dki protivnici. I kao partija i kao pojedinci, imamo viziju ali i znanje i hrabrost da donosimo va\u017ene politi\u010dke odluke i to smo dokazali vi\u0161e puta, uspje\u0161no vo\u0111eni od dr\u017eavnika i lidera Mila \u0110ukanovi\u0107a\u201d, jasno je saop\u0161tio Zvrko.<\/p>\n\n\n\n<p>U nastavku svog izlaganja u veli\u010danstvenoj atmosferi na strana\u010dkoj tribini u Podgorici, on je konstatovao da je savremena istorija Crne Gore neraskidivo vezana uz DPS.<\/p>\n\n\n\n<p>\u201cMi smo dr\u017eavotvorna partija, pokreta\u010d i nosilac brojnih demokratskih procesa u Crnoj Gori, avangardna partija i uvjeren sam, partija koja \u0107e uvesti Crnu Goru u EU. To nama prirodno pripada, a ne prikrivenim i retu\u0161iranim nacionalistima i deklarativnim evropejcima. Imali su skoro 4 godine da poka\u017eu \u0161ta znaju. Ali, na \u017ealost po Crnu Goru, nijesu uradili ni\u0161ta dobro, nijesu pokrenuli ni\u0161ta, njihov rezultat je jedno veliko ni\u0161ta\u201d, ocijenio je Zvrko.<br>On je poru\u010dio da je velika odgovornost na DPS, i konstatovao da je ona jedina partija koja ima snagu da preokrene situaciju u Crnoj Gori i vrati je, kako je istakao, na jedini ispravan, evropski put.<\/p>\n\n\n\n<p>\u201cZato, kao \u0161to ka\u017ee i na\u0161 slogan, mo\u017eemo bolje. Ali, dodao bih, mi i moramo bolje\u201d, dodao je Zvrko.<\/p>\n\n\n\n<p>Na samom kraju svog obra\u0107anja zahvalio se i svim u\u010desnicima, svojim prijateljima sa kojima je u\u010destvovao u ovom predizbornom obilasku svih op\u0161tina i gradova Crne Gore.<\/p>\n\n\n\n<p>\u201cBila mi je privilegija \u0161to sam bio dio ove grupe sjajnih pojedinaca. Hvala vam, dragi prijatelji na fer kampanji i na tome \u0161to ste mene u\u010dinili boljom osobom. Sada sam jo\u0161 vi\u0161e ponosan \u0161to sam dio prvih neposrednih unutarpartijskih izbora, ne samo DPS-a nego i Crne Gore\u201d istakao je Zvrko, koji je iskoristio priliku i pozvao \u010dlanstvo da podr\u017ee ovaj proces i glasaju u nedjelju.<\/p>\n\n\n\n<p>\u201cGlasajte za bilo kog kandidata, ne\u0107ete pogrije\u0161iti. Glasajte za promjene koje su nam potrebne, za dinami\u010dan, efikasan i bolje organizovan rad partije, za laku dostupnost, podr\u0161ku i pa\u017enju prema svim na\u0161im \u010dlanovima od strane predsjednika, potpredsjednika i svakog rukovodioca na\u0161e partije 24 h dnevno. Ovi izbori nijesu organizovani da bismo imali pobjednike i pora\u017eene. Mi svi ostajemo dio jednog velikog pobjedni\u010dkog tima i porodice, \u0161to za nas i jeste DPS. Zato \u0107e 28. januara pobijediti DPS jer iz izbora izlazimo kao dodatno oja\u010dana partija\u201d, zaklju\u010dio je Zvrko.<\/p>\n\n\n\n<p><strong>Elvir Zvrko, kandidat za potpredsjednika DPS Crne Gore<\/strong><\/p>\n","protected":false},"excerpt":{"rendered":"<p>\u201cAko budem izabran za potpredsjednika zalaga\u0107u se da DPS bude jo\u0161 modernija i otvorenija partija, \u010diji \u0107e unutarstrana\u010dki odnosi biti zasnovani na me\u0111usobnom povjerenju, po\u0161tovanju i borbi argumenata. \u017delim DPS u kojem \u0107emo vi\u0161e slu\u0161ati jedni druge, unaprje\u0111ivati jedinstvo, odgovornost, i solidarnost. Na\u0161 glavni pokreta\u010d mora biti nastojanje da omogu\u0107imo dalji razvoj Crne Gore kako&hellip;<\/p>\n","protected":false},"author":2,"featured_media":743,"comment_status":"open","ping_status":"open","sticky":false,"template":"","format":"standard","meta":{"footnotes":""},"categories":[1],"tags":[],"_links":{"self":[{"href":"https:\/\/mozemobolje.me\/index.php\/wp-json\/wp\/v2\/posts\/742"}],"collection":[{"href":"https:\/\/mozemobolje.me\/index.php\/wp-json\/wp\/v2\/posts"}],"about":[{"href":"https:\/\/mozemobolje.me\/index.php\/wp-json\/wp\/v2\/types\/post"}],"author":[{"embeddable":true,"href":"https:\/\/mozemobolje.me\/index.php\/wp-json\/wp\/v2\/users\/2"}],"replies":[{"embeddable":true,"href":"https:\/\/mozemobolje.me\/index.php\/wp-json\/wp\/v2\/comments?post=742"}],"version-history":[{"count":1,"href":"https:\/\/mozemobolje.me\/index.php\/wp-json\/wp\/v2\/posts\/742\/revisions"}],"predecessor-version":[{"id":744,"href":"https:\/\/mozemobolje.me\/index.php\/wp-json\/wp\/v2\/posts\/742\/revisions\/744"}],"wp:featuredmedia":[{"embeddable":true,"href":"https:\/\/mozemobolje.me\/index.php\/wp-json\/wp\/v2\/media\/743"}],"wp:attachment":[{"href":"https:\/\/mozemobolje.me\/index.php\/wp-json\/wp\/v2\/media?parent=742"}],"wp:term":[{"taxonomy":"category","embeddable":true,"href":"https:\/\/mozemobolje.me\/index.php\/wp-json\/wp\/v2\/categories?post=742"},{"taxonomy":"post_tag","embeddable":true,"href":"https:\/\/mozemobolje.me\/index.php\/wp-json\/wp\/v2\/tags?post=742"}],"curies":[{"name":"wp","href":"https:\/\/api.w.org\/{rel}","templated":true}]}}