{"id":754,"date":"2024-01-27T15:28:22","date_gmt":"2024-01-27T15:28:22","guid":{"rendered":"https:\/\/mozemobolje.me\/?p=754"},"modified":"2024-01-27T15:28:22","modified_gmt":"2024-01-27T15:28:22","slug":"vukovic-svi-smo-mi-demokratska-partija-socijalista","status":"publish","type":"post","link":"https:\/\/mozemobolje.me\/index.php\/2024\/01\/27\/vukovic-svi-smo-mi-demokratska-partija-socijalista\/","title":{"rendered":"Vukovi\u0107: Svi smo mi Demokratska partija socijalista!"},"content":{"rendered":"\n<p>Ja sam onaj kojega ste, posljednjih godina, srijetali na Belvederu i na Bogeti\u0107ima, i na nik\u0161i\u0107kom Trgu slobode i na podgori\u010dkom Trgu nezavisnosti.<\/p>\n\n\n\n<p>Ja sam onaj me\u0111u vama koji je imao 100 razloga da, nakon avgusta 2020-te, ne ostane u Demokratskoj partiji socijalista i da ve\u010deras ne bude u ovoj sali, ali je ostao, i ve\u010deras je tu i bi\u0107e tu jer je Crna Gora iznad svega i jer je sloboda, kako to pjeva Miladin \u0160obi\u0107 kojega smo sino\u0107 \u010desto pominjali u Nik\u0161i\u0107u, ono \u201cza \u0161to se bori, a ne prosi\u201d.<\/p>\n\n\n\n<p>Ja sam i onaj koji sjedi pored njega, onaj kome je proradio inat i koji, posebno onima kojima je Demokratska partija socijalista dala mnogo, a koji su joj okrenuli le\u0111a kada je bilo najte\u017ee, \u017eeli da poka\u017ee da nijesmo isti, niti smo to ikada bili.<\/p>\n\n\n\n<p>Ja sam onaj Kola\u0161inac koji, nakon pet te\u0161kih operacija, bez da je ikada i\u0161ta dobio od DPS-a, sjedi na partijskom sastanku u poluzagrijanoj prostoriji jer \u017eeli da da doprinos na\u0161oj zajedni\u010dkoj borbi.<\/p>\n\n\n\n<p>Ja sam i onaj Petnji\u010danin koji \u017eivi u Luksemburgu od 1988. godine, \u0111e je zaradio ku\u0107u i penziju, ali je 10. januara bio sa nama jer i on \u017eeli da da doprinos.<\/p>\n\n\n\n<p>Ja sam Bjelopoljski profesor u penziji koji je, na na\u0161u tribinu dosao iz 40km udaljenog sela, putem kojim gotovo da se ne mo\u017ee pro\u0107i, jer i on \u017eeli da da doprinos.<\/p>\n\n\n\n<p>Ja sam onaj \u010dlan Savjeta mladih DPS-a u Gusinju koji ne propu\u0161ta nijedan skup \u0111e se brani dostojanstvo Crne Gore.<\/p>\n\n\n\n<p>I ona gospo\u0111a iz Herceg Novog koja, nakon \u0161to je izgubila posao samo zato jer pripada Demokratskoj partiji socijalista, do\u0111e na na\u0161u tribinu i, gotovo kroz suze, govori o tome kako osje\u0107a novu nadu i kako i ona \u017eeli da da doprinos.<\/p>\n\n\n\n<p>Ja sam i onaj Nik\u0161i\u0107anin koji nas, rade\u0107i kao za\u0161titar u Ulcinju sa svoje 54 godine, bodri uo\u010di konvencije i ka\u017ee kako je djecu vaspitao tako da u \u017eivotu postoje dvije svetinje \u2013 familija i dr\u017eava.<\/p>\n\n\n\n<p>Ja sam jedan od onih 300 Beranaca koji, kao 300 Spartanaca, one no\u0107i ponosno stoje uz na\u0161u partiju i slave na\u0161u Crnu Goru.<\/p>\n\n\n\n<p>Ja sam di\u010dni \u0160avni\u010danin koji se nikada ne predaje i ja sam \u010destiti Andrijevi\u010danin koji nikada ne odustaje.<\/p>\n\n\n\n<p>Ja sam i onaj Mojkov\u010danin koji druge, na primjeru, u\u010di \u0161ta zna\u010di partijska sloga.<\/p>\n\n\n\n<p>Ja sam Cetinjanin koji je, sve do 1997. godine, pripadao jednoj drugoj partiji, osnovanoj na dana\u0161nji dan, i sa crnogorskih trgova klicao da \u0107e \u201cCrna Gora postojati dok je Lov\u0107ena nad nama, i sunca i Grahovca\u201d, a od tada ponosno pripada Demokratskoj partiji socijalista.<\/p>\n\n\n\n<p>Ja sam Milo \u0110ukanovi\u0107 kada, u referendumskoj no\u0107i, ka\u017ee ono istorijsko \u201cdobili smo dr\u017eavu\u201d, i kada, 15 godina kasnije, ka\u017ee ono zavjetno da \u0107emo je, ako bude trebalo, braniti \u201ci iz \u0161ume\u201d.<\/p>\n\n\n\n<p>Ja sam Filip Vujanovi\u0107, jer je Demokratska partija socijalista vazda bila i ostala partija pristojnih ljudi.<\/p>\n\n\n\n<p>Ja sam onaj koji je godine i decenije \u017eivota poklonio ovoj partiji i koji nas ve\u010deras posmatra ne\u0111e sa neba.<\/p>\n\n\n\n<p>Ja sam Aleksandra Vukovi\u0107-Ku\u010d kada, u 9. mjesecu trudno\u0107e, do\u0111e na sjednicu Skup\u0161tine da Andriji Mandi\u0107u ka\u017ee ono \u0161to mu svako od nas misli.<\/p>\n\n\n\n<p>Ja sam Jevto Erakovi\u0107 i Elvir Zvrko kada, tokom pandemije koronavirusa, rizikuju svoje da bi spa\u0161avali tu\u0111e \u017eivote.<\/p>\n\n\n\n<p>Ja sam Du\u0161an Rai\u010devi\u0107 dok se kao lav bori za interese njegovog i na\u0161eg Bara, a dok vlada poku\u0161ava da taj grad baci na koljena.<\/p>\n\n\n\n<p>Ja sam Abaz Dizdarevi\u0107 kada na mr\u017enju i neznanje odgovora plemenito\u0161\u0107u i mudro\u0161\u0107u.<\/p>\n\n\n\n<p>Ja sam Danijel \u017divkovi\u0107 koji, kada je najte\u017ee, partijskim drugovima ne govori \u201cnaprijed\u201d, nego \u201cza mnom\u201d.<\/p>\n\n\n\n<p>Ja sam Demokratska partija socijalista.<\/p>\n\n\n\n<p>Dame i gospodo, dragi prijatelji,<\/p>\n\n\n\n<p>Ja sam Ivan Vukovi\u0107.<\/p>\n\n\n\n<p>I ja sam Demokratska partija socijalista.<\/p>\n\n\n\n<p>Mi smo, svi mi, Demokratska partija socijalista.<\/p>\n\n\n\n<p>Mi smo temelj multietni\u010dke i gra\u0111anske Crne Gore, mi smo ponosni sinovi njenog stijenja, mi smo \u010duvari njene slavne istorije i mi smo garant njene evropske budu\u0107nosti.<\/p>\n\n\n\n<p>Da je vje\u010dna.<\/p>\n\n\n\n<p><strong>Ivan Vukovi\u0107, kandidat za potpredsjednika DPS Crne Gore<\/strong><\/p>\n","protected":false},"excerpt":{"rendered":"<p>Ja sam onaj kojega ste, posljednjih godina, srijetali na Belvederu i na Bogeti\u0107ima, i na nik\u0161i\u0107kom Trgu slobode i na podgori\u010dkom Trgu nezavisnosti. Ja sam onaj me\u0111u vama koji je imao 100 razloga da, nakon avgusta 2020-te, ne ostane u Demokratskoj partiji socijalista i da ve\u010deras ne bude u ovoj sali, ali je ostao, i&hellip;<\/p>\n","protected":false},"author":2,"featured_media":755,"comment_status":"open","ping_status":"open","sticky":false,"template":"","format":"standard","meta":{"footnotes":""},"categories":[1],"tags":[],"_links":{"self":[{"href":"https:\/\/mozemobolje.me\/index.php\/wp-json\/wp\/v2\/posts\/754"}],"collection":[{"href":"https:\/\/mozemobolje.me\/index.php\/wp-json\/wp\/v2\/posts"}],"about":[{"href":"https:\/\/mozemobolje.me\/index.php\/wp-json\/wp\/v2\/types\/post"}],"author":[{"embeddable":true,"href":"https:\/\/mozemobolje.me\/index.php\/wp-json\/wp\/v2\/users\/2"}],"replies":[{"embeddable":true,"href":"https:\/\/mozemobolje.me\/index.php\/wp-json\/wp\/v2\/comments?post=754"}],"version-history":[{"count":1,"href":"https:\/\/mozemobolje.me\/index.php\/wp-json\/wp\/v2\/posts\/754\/revisions"}],"predecessor-version":[{"id":756,"href":"https:\/\/mozemobolje.me\/index.php\/wp-json\/wp\/v2\/posts\/754\/revisions\/756"}],"wp:featuredmedia":[{"embeddable":true,"href":"https:\/\/mozemobolje.me\/index.php\/wp-json\/wp\/v2\/media\/755"}],"wp:attachment":[{"href":"https:\/\/mozemobolje.me\/index.php\/wp-json\/wp\/v2\/media?parent=754"}],"wp:term":[{"taxonomy":"category","embeddable":true,"href":"https:\/\/mozemobolje.me\/index.php\/wp-json\/wp\/v2\/categories?post=754"},{"taxonomy":"post_tag","embeddable":true,"href":"https:\/\/mozemobolje.me\/index.php\/wp-json\/wp\/v2\/tags?post=754"}],"curies":[{"name":"wp","href":"https:\/\/api.w.org\/{rel}","templated":true}]}}